{"id":5758,"date":"2024-01-12T20:59:18","date_gmt":"2024-01-13T02:59:18","guid":{"rendered":"https:\/\/www.radiointeractivo.com.mx\/?p=5758"},"modified":"2024-01-12T20:59:20","modified_gmt":"2024-01-13T02:59:20","slug":"llega-la-exposicion-del-artista-ryuichi-yahag-al-museo-de-arte-contemporaneo-de-tamaulipas","status":"publish","type":"post","link":"https:\/\/www.radiointeractivo.com.mx\/?p=5758","title":{"rendered":"Llega la exposici\u00f3n del artista Ryuichi Yahag al Museo de Arte Contempor\u00e1neo de Tamaulipas"},"content":{"rendered":"\n<figure class=\"wp-block-image size-large\"><img loading=\"lazy\" decoding=\"async\" width=\"1024\" height=\"576\" src=\"https:\/\/www.radiointeractivo.com.mx\/wp-content\/uploads\/2024\/01\/WhatsApp-Image-2024-01-12-at-1.34.18-PM-1024x576.jpeg\" alt=\"\" class=\"wp-image-5759\" srcset=\"https:\/\/www.radiointeractivo.com.mx\/wp-content\/uploads\/2024\/01\/WhatsApp-Image-2024-01-12-at-1.34.18-PM-1024x576.jpeg 1024w, https:\/\/www.radiointeractivo.com.mx\/wp-content\/uploads\/2024\/01\/WhatsApp-Image-2024-01-12-at-1.34.18-PM-300x169.jpeg 300w, https:\/\/www.radiointeractivo.com.mx\/wp-content\/uploads\/2024\/01\/WhatsApp-Image-2024-01-12-at-1.34.18-PM-768x432.jpeg 768w, https:\/\/www.radiointeractivo.com.mx\/wp-content\/uploads\/2024\/01\/WhatsApp-Image-2024-01-12-at-1.34.18-PM.jpeg 1280w\" sizes=\"auto, (max-width: 1024px) 100vw, 1024px\" \/><\/figure>\n\n\n\n<p>Enero 12 de 2023<\/p>\n\n\n\n<p>Matamoros, Tamaulipas. &#8211; El Instituto Tamaulipeco para la Cultura y las Artes (ITCA) y el Museo de Arte Contempor\u00e1neo de Tamaulipas (MACT) invita a todas las personas que residen en Matamoros y que llevan por nombre &#8220;Guadalupe&#8221; a participar en la exposici\u00f3n de rostros a cargo del talentoso artista japon\u00e9s Ryuichi Yahagi que radica en Xalapa, Veracruz.<\/p>\n\n\n\n<p>Ryuichi Yahagi, reconocido por su destreza y originalidad en el \u00e1mbito art\u00edstico, llevar\u00e1 a cabo una obra \u00fanica que destacar\u00e1 la identidad y diversidad de las personas que comparten el nombre &#8220;Guadalupe&#8221;.<\/p>\n\n\n\n<p>La directora del MACT, Araceli Sosa, extendi\u00f3 una cordial invitaci\u00f3n a las y los Guadalupes para que se acerquen al museo y participen en la construcci\u00f3n de esta obra \u00fanica. &#8220;La gente que tenga el nombre de Guadalupe, los invitamos a que se acerquen con tiempo para ir tomando sus datos y que participen en nuestra primera exposici\u00f3n que ser\u00e1 en el mes de febrero de este 2024, para que se involucren en la cultura&#8221;, puntualiz\u00f3.<\/p>\n\n\n\n<p>Esta exposici\u00f3n se llevar\u00e1 a cabo en el mes de febrero de 2024, y se espera que sea un evento que destaque la colaboraci\u00f3n entre el arte y la comunidad, resaltando la importancia de la cultura en la vida de todos.<\/p>\n\n\n\n<p>Para m\u00e1s informaci\u00f3n: Museo de Arte Contempor\u00e1neo de Tamaulipas (MACT) C. Constituci\u00f3n 1, Jard\u00edn, 87330 Matamoros, Tamaulipas. Horario: Martes a s\u00e1bado de 10:00 a 18:00 h y domingo de 12:00 a 16:00 horas. Tel\u00e9fono: 868 813 1499.<\/p>\n","protected":false},"excerpt":{"rendered":"<p>Enero 12 de 2023 Matamoros, Tamaulipas. &#8211; El Instituto Tamaulipeco para la Cultura y las Artes (ITCA) y el Museo de Arte Contempor\u00e1neo de Tamaulipas (MACT) invita a todas las personas que residen en Matamoros y que llevan por nombre &#8220;Guadalupe&#8221; a participar en la exposici\u00f3n de rostros a cargo del talentoso artista japon\u00e9s Ryuichi &hellip;<\/p>\n","protected":false},"author":1,"featured_media":5759,"comment_status":"open","ping_status":"open","sticky":false,"template":"","format":"standard","meta":{"footnotes":""},"categories":[39],"tags":[],"class_list":["post-5758","post","type-post","status-publish","format-standard","has-post-thumbnail","","category-tamaulipas"],"_links":{"self":[{"href":"https:\/\/www.radiointeractivo.com.mx\/index.php?rest_route=\/wp\/v2\/posts\/5758","targetHints":{"allow":["GET"]}}],"collection":[{"href":"https:\/\/www.radiointeractivo.com.mx\/index.php?rest_route=\/wp\/v2\/posts"}],"about":[{"href":"https:\/\/www.radiointeractivo.com.mx\/index.php?rest_route=\/wp\/v2\/types\/post"}],"author":[{"embeddable":true,"href":"https:\/\/www.radiointeractivo.com.mx\/index.php?rest_route=\/wp\/v2\/users\/1"}],"replies":[{"embeddable":true,"href":"https:\/\/www.radiointeractivo.com.mx\/index.php?rest_route=%2Fwp%2Fv2%2Fcomments&post=5758"}],"version-history":[{"count":1,"href":"https:\/\/www.radiointeractivo.com.mx\/index.php?rest_route=\/wp\/v2\/posts\/5758\/revisions"}],"predecessor-version":[{"id":5760,"href":"https:\/\/www.radiointeractivo.com.mx\/index.php?rest_route=\/wp\/v2\/posts\/5758\/revisions\/5760"}],"wp:featuredmedia":[{"embeddable":true,"href":"https:\/\/www.radiointeractivo.com.mx\/index.php?rest_route=\/wp\/v2\/media\/5759"}],"wp:attachment":[{"href":"https:\/\/www.radiointeractivo.com.mx\/index.php?rest_route=%2Fwp%2Fv2%2Fmedia&parent=5758"}],"wp:term":[{"taxonomy":"category","embeddable":true,"href":"https:\/\/www.radiointeractivo.com.mx\/index.php?rest_route=%2Fwp%2Fv2%2Fcategories&post=5758"},{"taxonomy":"post_tag","embeddable":true,"href":"https:\/\/www.radiointeractivo.com.mx\/index.php?rest_route=%2Fwp%2Fv2%2Ftags&post=5758"}],"curies":[{"name":"wp","href":"https:\/\/api.w.org\/{rel}","templated":true}]}}