{"id":5739,"date":"2024-01-12T11:17:40","date_gmt":"2024-01-12T17:17:40","guid":{"rendered":"https:\/\/www.radiointeractivo.com.mx\/?p=5739"},"modified":"2024-01-12T11:17:41","modified_gmt":"2024-01-12T17:17:41","slug":"en-tamaulipas-solo-se-suspenderan-clases-si-temperaturas-bajan-a-cero-grados-centigrados-set","status":"publish","type":"post","link":"https:\/\/www.radiointeractivo.com.mx\/?p=5739","title":{"rendered":"En Tamaulipas solo se suspender\u00e1n clases si temperaturas bajan a cero grados cent\u00edgrados: SET"},"content":{"rendered":"\n<figure class=\"wp-block-image size-full\"><img loading=\"lazy\" decoding=\"async\" width=\"651\" height=\"400\" src=\"https:\/\/www.radiointeractivo.com.mx\/wp-content\/uploads\/2024\/01\/set-titular.png\" alt=\"\" class=\"wp-image-5740\" srcset=\"https:\/\/www.radiointeractivo.com.mx\/wp-content\/uploads\/2024\/01\/set-titular.png 651w, https:\/\/www.radiointeractivo.com.mx\/wp-content\/uploads\/2024\/01\/set-titular-300x184.png 300w\" sizes=\"auto, (max-width: 651px) 100vw, 651px\" \/><\/figure>\n\n\n\n<p>Padres decidir\u00e1n si llevan a sus hijos a clases con temperaturas debajo de los cinco grados.<\/p>\n\n\n\n<p>Por: Agencias<\/p>\n\n\n\n<p>Ante el pron\u00f3stico de temperaturas hasta de dos grados cent\u00edgrados, la Secretar\u00eda de Educaci\u00f3n de Tamaulipas puso a consideraci\u00f3n de los padres de familia la decisi\u00f3n de enviar o no a sus hijos a clases.<\/p>\n\n\n\n<p>La Secretaria de Educaci\u00f3n en Tamaulipas, Luc\u00eda Aim\u00e9 Castillo Pastor, dio a conocer mediante una circular que el objetivo es resguardar la integridad f\u00edsica y la salud de ni\u00f1as, ni\u00f1os, j\u00f3venes, personal educativo y de apoyo y de asistencia a la educaci\u00f3n de las escuelas del nivel b\u00e1sico y medio superior de sostenimiento p\u00fablico y privado de Tamaulipas<\/p>\n\n\n\n<p>Recalc\u00f3 que en caso de que la temperatura disminuya por debajo de los cinco grados cent\u00edgrados, ser\u00e1 decisi\u00f3n de los padres, madres o tutores, la asistencia del estudiante de la escuela; \u201cSi la temperatura alcanza cero grados cent\u00edgrados o menos, se proceder\u00e1 a la suspensi\u00f3n de la prestaci\u00f3n del servicio educativo\u201d.<\/p>\n\n\n\n<p>Precis\u00f3 que en esos casos, el personal directivo deber\u00e1 avisar a las y los integrantes de la comunidad escolar e informar a su superioridad sobre cualquier incidencia que se observe.<\/p>\n\n\n\n<p>As\u00ed mismo, solicita reiterar al personal directivo de los centros escolares, la necesidad de mantener vigentes los canales de comunicaci\u00f3n con las y los trabajadores de los centros escolares y los padres, madres o tutores sobre esta instrucci\u00f3n.<\/p>\n\n\n\n<p>Lo anterior, para actuar con oportunidad ante las inclemencias clim\u00e1ticas y a mantenerse informados sobre los pron\u00f3sticos clim\u00e1ticos a trav\u00e9s de sus superiores jer\u00e1rquicos y de los canales oficiales de protecci\u00f3n civil y del Servicio Meteorol\u00f3gico Nacional, se\u00f1al\u00f3.<\/p>\n\n\n\n<p>Y es que a partir de las primeras horas de este viernes 12 de enero el paso del frente fr\u00edo n\u00famero 26 dejara bajas temperaturas en el norte y noreste del pa\u00eds.<\/p>\n","protected":false},"excerpt":{"rendered":"<p>Padres decidir\u00e1n si llevan a sus hijos a clases con temperaturas debajo de los cinco grados. Por: Agencias Ante el pron\u00f3stico de temperaturas hasta de dos grados cent\u00edgrados, la Secretar\u00eda de Educaci\u00f3n de Tamaulipas puso a consideraci\u00f3n de los padres de familia la decisi\u00f3n de enviar o no a sus hijos a clases. La Secretaria &hellip;<\/p>\n","protected":false},"author":1,"featured_media":5740,"comment_status":"open","ping_status":"open","sticky":false,"template":"","format":"standard","meta":{"footnotes":""},"categories":[39],"tags":[],"class_list":["post-5739","post","type-post","status-publish","format-standard","has-post-thumbnail","","category-tamaulipas"],"_links":{"self":[{"href":"https:\/\/www.radiointeractivo.com.mx\/index.php?rest_route=\/wp\/v2\/posts\/5739","targetHints":{"allow":["GET"]}}],"collection":[{"href":"https:\/\/www.radiointeractivo.com.mx\/index.php?rest_route=\/wp\/v2\/posts"}],"about":[{"href":"https:\/\/www.radiointeractivo.com.mx\/index.php?rest_route=\/wp\/v2\/types\/post"}],"author":[{"embeddable":true,"href":"https:\/\/www.radiointeractivo.com.mx\/index.php?rest_route=\/wp\/v2\/users\/1"}],"replies":[{"embeddable":true,"href":"https:\/\/www.radiointeractivo.com.mx\/index.php?rest_route=%2Fwp%2Fv2%2Fcomments&post=5739"}],"version-history":[{"count":1,"href":"https:\/\/www.radiointeractivo.com.mx\/index.php?rest_route=\/wp\/v2\/posts\/5739\/revisions"}],"predecessor-version":[{"id":5741,"href":"https:\/\/www.radiointeractivo.com.mx\/index.php?rest_route=\/wp\/v2\/posts\/5739\/revisions\/5741"}],"wp:featuredmedia":[{"embeddable":true,"href":"https:\/\/www.radiointeractivo.com.mx\/index.php?rest_route=\/wp\/v2\/media\/5740"}],"wp:attachment":[{"href":"https:\/\/www.radiointeractivo.com.mx\/index.php?rest_route=%2Fwp%2Fv2%2Fmedia&parent=5739"}],"wp:term":[{"taxonomy":"category","embeddable":true,"href":"https:\/\/www.radiointeractivo.com.mx\/index.php?rest_route=%2Fwp%2Fv2%2Fcategories&post=5739"},{"taxonomy":"post_tag","embeddable":true,"href":"https:\/\/www.radiointeractivo.com.mx\/index.php?rest_route=%2Fwp%2Fv2%2Ftags&post=5739"}],"curies":[{"name":"wp","href":"https:\/\/api.w.org\/{rel}","templated":true}]}}