{"id":5733,"date":"2024-01-12T11:00:08","date_gmt":"2024-01-12T17:00:08","guid":{"rendered":"https:\/\/www.radiointeractivo.com.mx\/?p=5733"},"modified":"2024-01-12T11:00:09","modified_gmt":"2024-01-12T17:00:09","slug":"secretaria-de-turismo-y-la-uat-potenciaran-profesionalizacion-de-servicios-de-estudiantes-tamaulipecos","status":"publish","type":"post","link":"https:\/\/www.radiointeractivo.com.mx\/?p=5733","title":{"rendered":"Secretar\u00eda de Turismo y la UAT potenciar\u00e1n profesionalizaci\u00f3n de servicios de estudiantes tamaulipecos"},"content":{"rendered":"\n<figure class=\"wp-block-image size-large\"><img loading=\"lazy\" decoding=\"async\" width=\"1024\" height=\"461\" src=\"https:\/\/www.radiointeractivo.com.mx\/wp-content\/uploads\/2024\/01\/WhatsApp-Image-2024-01-11-at-7.42.59-PM-1024x461.jpeg\" alt=\"\" class=\"wp-image-5734\" srcset=\"https:\/\/www.radiointeractivo.com.mx\/wp-content\/uploads\/2024\/01\/WhatsApp-Image-2024-01-11-at-7.42.59-PM-1024x461.jpeg 1024w, https:\/\/www.radiointeractivo.com.mx\/wp-content\/uploads\/2024\/01\/WhatsApp-Image-2024-01-11-at-7.42.59-PM-300x135.jpeg 300w, https:\/\/www.radiointeractivo.com.mx\/wp-content\/uploads\/2024\/01\/WhatsApp-Image-2024-01-11-at-7.42.59-PM-768x346.jpeg 768w, https:\/\/www.radiointeractivo.com.mx\/wp-content\/uploads\/2024\/01\/WhatsApp-Image-2024-01-11-at-7.42.59-PM.jpeg 1280w\" sizes=\"auto, (max-width: 1024px) 100vw, 1024px\" \/><\/figure>\n\n\n\n<p>Por: Agencias<\/p>\n\n\n\n<p>Ciudad Victoria, Tamaulipas.- En un esfuerzo conjunto por impulsar la calidad y profesionalismo en el sector tur\u00edstico de Tamaulipas, representando al secretario de Turismo, Benjam\u00edn Hern\u00e1ndez Rodr\u00edguez la subsecretaria de Desarrollo y Promoci\u00f3n Tur\u00edstica, Ver\u00f3nica Loredo Hern\u00e1ndez, y el director de Infraestructura y Desarrollo Tur\u00edstico, Omar Villafuerte S\u00e1nchez, se reunieron con autoridades acad\u00e9micas de la Universidad Aut\u00f3noma de Tamaulipas.<\/p>\n\n\n\n<p>El encuentro tuvo lugar en la Facultad de Derecho y Ciencias Sociales, donde se establecieron compromisos con el objetivo de fortalecer la formaci\u00f3n de j\u00f3venes estudiantes, dot\u00e1ndolos de certificaciones y capacitaci\u00f3n especializada en la carrera de turismo. Esta iniciativa busca garantizar que los futuros profesionales y prestadores de servicios ofrezcan una atenci\u00f3n profesional, c\u00e1lida y de calidad a los visitantes y turistas nacionales y extranjeros que eligen esta entidad para vacacionar, de negocios, congresos y eventos deportivos entre otros.<\/p>\n\n\n\n<p>La subsecretaria de Turismo, Ver\u00f3nica Loredo Hern\u00e1ndez, resalt\u00f3 la importancia de esta colaboraci\u00f3n al se\u00f1alar que el di\u00e1logo se centr\u00f3 en enriquecer la relaci\u00f3n entre la Licenciatura en Turismo y la Secretar\u00eda de Turismo, con especial \u00e9nfasis en la capacitaci\u00f3n y desarrollo de diplomados, cuyo objetivo es mantener una colaboraci\u00f3n continua que beneficie tanto a la universidad como al sector tur\u00edstico, con reuniones peri\u00f3dicas para actualizar las materias y cubrir las necesidades de los visitantes, mediante un an\u00e1lisis situacional de las empresas de servicios del ramo.<\/p>\n\n\n\n<p>Omar Villafuerte S\u00e1nchez, director de Infraestructura y Desarrollo Tur\u00edstico, destac\u00f3 que la reuni\u00f3n tuvo como prop\u00f3sito establecer t\u00e9rminos de cooperaci\u00f3n entre ambas instituciones, uniendo esfuerzos para llevar a cabo acciones conjuntas en temas de inter\u00e9s tur\u00edstico, asistencia acad\u00e9mica, y promoci\u00f3n de los atractivos y productos tur\u00edsticos del Estado de Tamaulipas.<\/p>\n\n\n\n<p>Adem\u00e1s de la capacitaci\u00f3n acad\u00e9mica, se enfatiz\u00f3 el respaldo a los estudiantes en materia de turismo social. Esto se traduce en brindar apoyo para el transporte y la oportunidad de explorar los destinos tur\u00edsticos de la entidad de manera accesible. Esta experiencia directa enriquecer\u00e1 su formaci\u00f3n acad\u00e9mica, permiti\u00e9ndoles conocer de primera mano los encantos tur\u00edsticos de Tamaulipas.<\/p>\n\n\n\n<p>El secretario de Turismo, Benjam\u00edn Hern\u00e1ndez Rodr\u00edguez, ha subrayado el inter\u00e9s del gobernador Am\u00e9rico Villarreal Anaya en contar con profesionales debidamente preparados y certificados en el \u00e1mbito tur\u00edstico. Este compromiso refleja la visi\u00f3n de convertir a Tamaulipas en un referente destacado en el sector, reconociendo su potencial como motor econ\u00f3mico logrando beneficio integral para todos los municipios de la entidad.<\/p>\n\n\n\n<p>En este encuentro se cont\u00f3 con la presencia de Edy Izaguirre Trevi\u00f1o, director de la Facultado de Derecho y Ciencias Sociales Victoria; Roc\u00edo del Carmen Ayala Garza, coordinadora de la Licenciatura en Turismo; Humberto Rub\u00e9n Dragustinovis Perales, coordinador de la Divisi\u00f3n de Estudios de Posgrado e Investigaci\u00f3n y Roberto Ben\u00edtez Rodr\u00edguez, del Departamento de Educaci\u00f3n Continua.<\/p>\n","protected":false},"excerpt":{"rendered":"<p>Por: Agencias Ciudad Victoria, Tamaulipas.- En un esfuerzo conjunto por impulsar la calidad y profesionalismo en el sector tur\u00edstico de Tamaulipas, representando al secretario de Turismo, Benjam\u00edn Hern\u00e1ndez Rodr\u00edguez la subsecretaria de Desarrollo y Promoci\u00f3n Tur\u00edstica, Ver\u00f3nica Loredo Hern\u00e1ndez, y el director de Infraestructura y Desarrollo Tur\u00edstico, Omar Villafuerte S\u00e1nchez, se reunieron con autoridades acad\u00e9micas &hellip;<\/p>\n","protected":false},"author":1,"featured_media":5734,"comment_status":"open","ping_status":"open","sticky":false,"template":"","format":"standard","meta":{"footnotes":""},"categories":[39],"tags":[],"class_list":["post-5733","post","type-post","status-publish","format-standard","has-post-thumbnail","","category-tamaulipas"],"_links":{"self":[{"href":"https:\/\/www.radiointeractivo.com.mx\/index.php?rest_route=\/wp\/v2\/posts\/5733","targetHints":{"allow":["GET"]}}],"collection":[{"href":"https:\/\/www.radiointeractivo.com.mx\/index.php?rest_route=\/wp\/v2\/posts"}],"about":[{"href":"https:\/\/www.radiointeractivo.com.mx\/index.php?rest_route=\/wp\/v2\/types\/post"}],"author":[{"embeddable":true,"href":"https:\/\/www.radiointeractivo.com.mx\/index.php?rest_route=\/wp\/v2\/users\/1"}],"replies":[{"embeddable":true,"href":"https:\/\/www.radiointeractivo.com.mx\/index.php?rest_route=%2Fwp%2Fv2%2Fcomments&post=5733"}],"version-history":[{"count":1,"href":"https:\/\/www.radiointeractivo.com.mx\/index.php?rest_route=\/wp\/v2\/posts\/5733\/revisions"}],"predecessor-version":[{"id":5735,"href":"https:\/\/www.radiointeractivo.com.mx\/index.php?rest_route=\/wp\/v2\/posts\/5733\/revisions\/5735"}],"wp:featuredmedia":[{"embeddable":true,"href":"https:\/\/www.radiointeractivo.com.mx\/index.php?rest_route=\/wp\/v2\/media\/5734"}],"wp:attachment":[{"href":"https:\/\/www.radiointeractivo.com.mx\/index.php?rest_route=%2Fwp%2Fv2%2Fmedia&parent=5733"}],"wp:term":[{"taxonomy":"category","embeddable":true,"href":"https:\/\/www.radiointeractivo.com.mx\/index.php?rest_route=%2Fwp%2Fv2%2Fcategories&post=5733"},{"taxonomy":"post_tag","embeddable":true,"href":"https:\/\/www.radiointeractivo.com.mx\/index.php?rest_route=%2Fwp%2Fv2%2Ftags&post=5733"}],"curies":[{"name":"wp","href":"https:\/\/api.w.org\/{rel}","templated":true}]}}