{"id":5674,"date":"2024-01-10T15:20:52","date_gmt":"2024-01-10T21:20:52","guid":{"rendered":"https:\/\/www.radiointeractivo.com.mx\/?p=5674"},"modified":"2024-01-10T15:20:53","modified_gmt":"2024-01-10T21:20:53","slug":"no-habra-tregua-para-construir-la-paz-que-tamaulipas-necesita-vocero-de-seguridad","status":"publish","type":"post","link":"https:\/\/www.radiointeractivo.com.mx\/?p=5674","title":{"rendered":"No habr\u00e1 tregua para construir la paz que Tamaulipas necesita: Vocero de Seguridad"},"content":{"rendered":"\n<figure class=\"wp-block-image size-large\"><img loading=\"lazy\" decoding=\"async\" width=\"1024\" height=\"682\" src=\"https:\/\/www.radiointeractivo.com.mx\/wp-content\/uploads\/2024\/01\/WhatsApp-Image-2024-01-10-at-3.13.58-PM-1024x682.jpeg\" alt=\"\" class=\"wp-image-5675\" srcset=\"https:\/\/www.radiointeractivo.com.mx\/wp-content\/uploads\/2024\/01\/WhatsApp-Image-2024-01-10-at-3.13.58-PM-1024x682.jpeg 1024w, https:\/\/www.radiointeractivo.com.mx\/wp-content\/uploads\/2024\/01\/WhatsApp-Image-2024-01-10-at-3.13.58-PM-300x200.jpeg 300w, https:\/\/www.radiointeractivo.com.mx\/wp-content\/uploads\/2024\/01\/WhatsApp-Image-2024-01-10-at-3.13.58-PM-768x512.jpeg 768w, https:\/\/www.radiointeractivo.com.mx\/wp-content\/uploads\/2024\/01\/WhatsApp-Image-2024-01-10-at-3.13.58-PM-1536x1023.jpeg 1536w, https:\/\/www.radiointeractivo.com.mx\/wp-content\/uploads\/2024\/01\/WhatsApp-Image-2024-01-10-at-3.13.58-PM-310x205.jpeg 310w, https:\/\/www.radiointeractivo.com.mx\/wp-content\/uploads\/2024\/01\/WhatsApp-Image-2024-01-10-at-3.13.58-PM.jpeg 1600w\" sizes=\"auto, (max-width: 1024px) 100vw, 1024px\" \/><\/figure>\n\n\n\n<p>Por: Agencias<\/p>\n\n\n\n<p>Ciudad Victoria, Tamaulipas.- El Gobierno del Estado con el apoyo del Gobierno Federal contin\u00faa trabajando para garantizar la seguridad y la justicia en la entidad y \u201cno habr\u00e1 tregua para construir la paz que Tamaulipas necesita\u201d, afirm\u00f3 Jorge Cu\u00e9llar Montoya, vocero de Seguridad.<\/p>\n\n\n\n<p>\u201cReitero que pese a la herencia maldita, el c\u00e1ncer de la inseguridad lo estamos enfrentando\u201d, expres\u00f3, a la vez que lament\u00f3 que algunos grupos pol\u00edticos \u201cle apuestan a que le vaya mal a Tamaulipas y disfrutar\u00edan que las cosas est\u00e9n mal, en lugar de buscar que est\u00e9n bien y poner un granito de arena como todos los ciudadanos debemos hacerlo por nuestro estado y por el pa\u00eds\u201d, dijo.<\/p>\n\n\n\n<p>En su acostumbrada conferencia de prensa semanal, en Palacio de Gobierno, Jorge Cu\u00e9llar Montoya dio a conocer los resultados del trabajo realizado por la Fiscal\u00eda General de Justicia del Estado y la Fiscal\u00eda General de la Rep\u00fablica en el combate contra la impunidad con sentencias condenatorias hasta por 100 a\u00f1os de prisi\u00f3n y present\u00f3 los aseguramientos correspondientes a la primera semana del mes de enero.<\/p>\n\n\n\n<p>\u201cEstamos hablando de drogas que no estar\u00e1n al alcance de nuestra juventud, de delincuentes que no afectar\u00e1n la paz en Tamaulipas y de armas que no da\u00f1ar\u00e1n la integridad f\u00edsica de las y los tamaulipecos\u201d, indic\u00f3.<\/p>\n\n\n\n<p>\u201cLo anterior es resultado del trabajo coordinado de nuestras corporaciones de seguridad, es testimonio de nuestro compromiso inquebrantable con la seguridad en nuestro estado y continuaremos trabajando en la construcci\u00f3n de un entorno m\u00e1s seguro para todos. Nada ni nadie va a detener la transformaci\u00f3n de Tamaulipas\u201d, manifest\u00f3.<\/p>\n\n\n\n<p>El vocero de Seguridad inform\u00f3 que los 32 migrantes liberados en el municipio de R\u00edo Bravo, fueron atendidos debidamente y trasladados por el Instituto Nacional de Migraci\u00f3n al albergue en Matamoros, en donde se les concedi\u00f3 visa humanitaria y ahora est\u00e1n en espera de la respuesta del gobierno de Estados Unidos para lograr su ingreso a dicho pa\u00eds.<\/p>\n\n\n\n<p>Asimismo, reiter\u00f3 que elementos de la Guardia Estatal, de la Guardia Nacional y de la Secretar\u00eda de Marina realizan un trabajo permanente en el municipio de Abasolo, en donde la semana pasada, concretamente en el ejido \u201cNicol\u00e1s Bravo\u201d, se realiz\u00f3 la detenci\u00f3n de siete masculinos y una femenina y el aseguramiento de veh\u00edculos, armas, cargadores y poncha llantas que fueron puestos a disposici\u00f3n de las autoridades correspondientes para su seguimiento.<\/p>\n","protected":false},"excerpt":{"rendered":"<p>Por: Agencias Ciudad Victoria, Tamaulipas.- El Gobierno del Estado con el apoyo del Gobierno Federal contin\u00faa trabajando para garantizar la seguridad y la justicia en la entidad y \u201cno habr\u00e1 tregua para construir la paz que Tamaulipas necesita\u201d, afirm\u00f3 Jorge Cu\u00e9llar Montoya, vocero de Seguridad. \u201cReitero que pese a la herencia maldita, el c\u00e1ncer de &hellip;<\/p>\n","protected":false},"author":1,"featured_media":5675,"comment_status":"open","ping_status":"open","sticky":false,"template":"","format":"standard","meta":{"footnotes":""},"categories":[39],"tags":[],"class_list":["post-5674","post","type-post","status-publish","format-standard","has-post-thumbnail","","category-tamaulipas"],"_links":{"self":[{"href":"https:\/\/www.radiointeractivo.com.mx\/index.php?rest_route=\/wp\/v2\/posts\/5674","targetHints":{"allow":["GET"]}}],"collection":[{"href":"https:\/\/www.radiointeractivo.com.mx\/index.php?rest_route=\/wp\/v2\/posts"}],"about":[{"href":"https:\/\/www.radiointeractivo.com.mx\/index.php?rest_route=\/wp\/v2\/types\/post"}],"author":[{"embeddable":true,"href":"https:\/\/www.radiointeractivo.com.mx\/index.php?rest_route=\/wp\/v2\/users\/1"}],"replies":[{"embeddable":true,"href":"https:\/\/www.radiointeractivo.com.mx\/index.php?rest_route=%2Fwp%2Fv2%2Fcomments&post=5674"}],"version-history":[{"count":1,"href":"https:\/\/www.radiointeractivo.com.mx\/index.php?rest_route=\/wp\/v2\/posts\/5674\/revisions"}],"predecessor-version":[{"id":5676,"href":"https:\/\/www.radiointeractivo.com.mx\/index.php?rest_route=\/wp\/v2\/posts\/5674\/revisions\/5676"}],"wp:featuredmedia":[{"embeddable":true,"href":"https:\/\/www.radiointeractivo.com.mx\/index.php?rest_route=\/wp\/v2\/media\/5675"}],"wp:attachment":[{"href":"https:\/\/www.radiointeractivo.com.mx\/index.php?rest_route=%2Fwp%2Fv2%2Fmedia&parent=5674"}],"wp:term":[{"taxonomy":"category","embeddable":true,"href":"https:\/\/www.radiointeractivo.com.mx\/index.php?rest_route=%2Fwp%2Fv2%2Fcategories&post=5674"},{"taxonomy":"post_tag","embeddable":true,"href":"https:\/\/www.radiointeractivo.com.mx\/index.php?rest_route=%2Fwp%2Fv2%2Ftags&post=5674"}],"curies":[{"name":"wp","href":"https:\/\/api.w.org\/{rel}","templated":true}]}}