{"id":5643,"date":"2024-01-09T16:22:45","date_gmt":"2024-01-09T22:22:45","guid":{"rendered":"https:\/\/www.radiointeractivo.com.mx\/?p=5643"},"modified":"2024-01-09T16:22:46","modified_gmt":"2024-01-09T22:22:46","slug":"en-el-altiplano-tamaulipeco-construccion-de-vado-conectara-zonas-ejidales","status":"publish","type":"post","link":"https:\/\/www.radiointeractivo.com.mx\/?p=5643","title":{"rendered":"En el Altiplano tamaulipeco, construcci\u00f3n de vado conectar\u00e1 zonas ejidales"},"content":{"rendered":"\n<figure class=\"wp-block-image size-full\"><img loading=\"lazy\" decoding=\"async\" width=\"1024\" height=\"768\" src=\"https:\/\/www.radiointeractivo.com.mx\/wp-content\/uploads\/2024\/01\/WhatsApp-Image-2024-01-09-at-3.20.18-PM.jpeg\" alt=\"\" class=\"wp-image-5644\" srcset=\"https:\/\/www.radiointeractivo.com.mx\/wp-content\/uploads\/2024\/01\/WhatsApp-Image-2024-01-09-at-3.20.18-PM.jpeg 1024w, https:\/\/www.radiointeractivo.com.mx\/wp-content\/uploads\/2024\/01\/WhatsApp-Image-2024-01-09-at-3.20.18-PM-300x225.jpeg 300w, https:\/\/www.radiointeractivo.com.mx\/wp-content\/uploads\/2024\/01\/WhatsApp-Image-2024-01-09-at-3.20.18-PM-768x576.jpeg 768w\" sizes=\"auto, (max-width: 1024px) 100vw, 1024px\" \/><\/figure>\n\n\n\n<p>Por: Agencias<\/p>\n\n\n\n<p>Tula, Tamaulipas. &#8211; Con la pasada visita del gobernador Am\u00e9rico Villarreal Anaya al Altiplano tamaulipeco, se estableci\u00f3 el compromiso de llevar obra p\u00fablica a esta regi\u00f3n con el objetivo de mejorar la calidad de vida de sus habitantes.<\/p>\n\n\n\n<p>Por ello, se inici\u00f3 la construcci\u00f3n del puente vado denominado \u201cLa Muralla, para cumplir con la mejora del acceso a los habitantes de los ejidos Francisco Villa, municipio de Tula y Calabacitas que pertenece a Bustamante a lugares que cubren sus necesidades b\u00e1sicas.<\/p>\n\n\n\n<p>El secretario de Obras P\u00fablicas, Pedro Cepeda Anaya y la subsecretaria de Planeaci\u00f3n, Dominga Cepeda Beas llevaron a cabo una visita de supervisi\u00f3n, con la cual hacen valer el compromiso del gobierno y garantizan la realizaci\u00f3n del proyecto.<\/p>\n\n\n\n<p>Refiri\u00f3 que con esta obra, los servicios esenciales como la atenci\u00f3n m\u00e9dica y dem\u00e1s acciones prioritarias se desarrollar\u00e1n sin contratiempos, adem\u00e1s resalt\u00f3 que estos trabajos son una muestra del compromiso y sentido humanista que hay en la actual administraci\u00f3n, reflej\u00e1ndose con la respuesta inmediata a las peticiones de los ciudadanos.<\/p>\n\n\n\n<p>Asimismo, la subsecretaria reconoci\u00f3 que en estas comunidades han tenido muchas dificultades luego de colapsar el vado, complicando el acceso de los residentes de esta zona; sin embargo, destac\u00f3 que con dicha obra la conectividad integral volver\u00e1 a la normalidad.<\/p>\n\n\n\n<p>\u201cLa construcci\u00f3n del nuevo puente permitir\u00e1 a los habitantes del Altiplano transitar m\u00e1s r\u00e1pido y sin complicaciones\u201d, concluy\u00f3 la funcionaria estatal.<\/p>\n","protected":false},"excerpt":{"rendered":"<p>Por: Agencias Tula, Tamaulipas. &#8211; Con la pasada visita del gobernador Am\u00e9rico Villarreal Anaya al Altiplano tamaulipeco, se estableci\u00f3 el compromiso de llevar obra p\u00fablica a esta regi\u00f3n con el objetivo de mejorar la calidad de vida de sus habitantes. Por ello, se inici\u00f3 la construcci\u00f3n del puente vado denominado \u201cLa Muralla, para cumplir con &hellip;<\/p>\n","protected":false},"author":1,"featured_media":5644,"comment_status":"open","ping_status":"open","sticky":false,"template":"","format":"standard","meta":{"footnotes":""},"categories":[39],"tags":[],"class_list":["post-5643","post","type-post","status-publish","format-standard","has-post-thumbnail","","category-tamaulipas"],"_links":{"self":[{"href":"https:\/\/www.radiointeractivo.com.mx\/index.php?rest_route=\/wp\/v2\/posts\/5643","targetHints":{"allow":["GET"]}}],"collection":[{"href":"https:\/\/www.radiointeractivo.com.mx\/index.php?rest_route=\/wp\/v2\/posts"}],"about":[{"href":"https:\/\/www.radiointeractivo.com.mx\/index.php?rest_route=\/wp\/v2\/types\/post"}],"author":[{"embeddable":true,"href":"https:\/\/www.radiointeractivo.com.mx\/index.php?rest_route=\/wp\/v2\/users\/1"}],"replies":[{"embeddable":true,"href":"https:\/\/www.radiointeractivo.com.mx\/index.php?rest_route=%2Fwp%2Fv2%2Fcomments&post=5643"}],"version-history":[{"count":1,"href":"https:\/\/www.radiointeractivo.com.mx\/index.php?rest_route=\/wp\/v2\/posts\/5643\/revisions"}],"predecessor-version":[{"id":5645,"href":"https:\/\/www.radiointeractivo.com.mx\/index.php?rest_route=\/wp\/v2\/posts\/5643\/revisions\/5645"}],"wp:featuredmedia":[{"embeddable":true,"href":"https:\/\/www.radiointeractivo.com.mx\/index.php?rest_route=\/wp\/v2\/media\/5644"}],"wp:attachment":[{"href":"https:\/\/www.radiointeractivo.com.mx\/index.php?rest_route=%2Fwp%2Fv2%2Fmedia&parent=5643"}],"wp:term":[{"taxonomy":"category","embeddable":true,"href":"https:\/\/www.radiointeractivo.com.mx\/index.php?rest_route=%2Fwp%2Fv2%2Fcategories&post=5643"},{"taxonomy":"post_tag","embeddable":true,"href":"https:\/\/www.radiointeractivo.com.mx\/index.php?rest_route=%2Fwp%2Fv2%2Ftags&post=5643"}],"curies":[{"name":"wp","href":"https:\/\/api.w.org\/{rel}","templated":true}]}}