{"id":5616,"date":"2024-01-08T22:19:17","date_gmt":"2024-01-09T04:19:17","guid":{"rendered":"https:\/\/www.radiointeractivo.com.mx\/?p=5616"},"modified":"2024-01-08T22:19:18","modified_gmt":"2024-01-09T04:19:18","slug":"participa-gobernador-de-tamaulipas-en-reunion-de-seguimiento-del-plan-imss-bienestar","status":"publish","type":"post","link":"https:\/\/www.radiointeractivo.com.mx\/?p=5616","title":{"rendered":"Participa gobernador de Tamaulipas en reuni\u00f3n de seguimiento del Plan IMSS-Bienestar"},"content":{"rendered":"\n<figure class=\"wp-block-image size-large\"><img loading=\"lazy\" decoding=\"async\" width=\"1024\" height=\"683\" src=\"https:\/\/www.radiointeractivo.com.mx\/wp-content\/uploads\/2024\/01\/WhatsApp-Image-2024-01-08-at-9.33.05-PM-1024x683.jpeg\" alt=\"\" class=\"wp-image-5617\" srcset=\"https:\/\/www.radiointeractivo.com.mx\/wp-content\/uploads\/2024\/01\/WhatsApp-Image-2024-01-08-at-9.33.05-PM-1024x683.jpeg 1024w, https:\/\/www.radiointeractivo.com.mx\/wp-content\/uploads\/2024\/01\/WhatsApp-Image-2024-01-08-at-9.33.05-PM-300x200.jpeg 300w, https:\/\/www.radiointeractivo.com.mx\/wp-content\/uploads\/2024\/01\/WhatsApp-Image-2024-01-08-at-9.33.05-PM-768x512.jpeg 768w, https:\/\/www.radiointeractivo.com.mx\/wp-content\/uploads\/2024\/01\/WhatsApp-Image-2024-01-08-at-9.33.05-PM-1536x1024.jpeg 1536w, https:\/\/www.radiointeractivo.com.mx\/wp-content\/uploads\/2024\/01\/WhatsApp-Image-2024-01-08-at-9.33.05-PM.jpeg 1599w\" sizes=\"auto, (max-width: 1024px) 100vw, 1024px\" \/><\/figure>\n\n\n\n<p>Por: Agencias<\/p>\n\n\n\n<p>Ciudad de M\u00e9xico.- El gobernador Am\u00e9rico Villarreal Anaya particip\u00f3 este lunes en la reuni\u00f3n nacional de la Comisi\u00f3n Presidencial para dar continuidad al Plan de Salud del IMSS-Bienestar, la cual fue presidida por la secretaria de Gobernaci\u00f3n, Luisa Mar\u00eda Alcalde.<\/p>\n\n\n\n<p>El mandatario tamaulipeco inform\u00f3 que los participantes se actualizaron sobre la Ley General de Salud, la reversi\u00f3n de inmuebles hospitalarios en los estados y el reforzamiento del trabajo para eficientar los servicios m\u00e9dicos integrales en todo el sector.<\/p>\n\n\n\n<p>A la reuni\u00f3n asistieron de manera presencial y remota, 23 gobernadores y gobernadoras de los estados federalizados y sus equipos de trabajo.<\/p>\n\n\n\n<p>Al t\u00e9rmino de la reuni\u00f3n general de trabajo, el mandatario tamaulipeco sostuvo un di\u00e1logo privado con la titular de Gobernaci\u00f3n, con quien pudo intercambiar detalles relacionados y abundar sobre el tema a nivel Tamaulipas.<\/p>\n\n\n\n<p>En este encuentro en el que tambi\u00e9n tomaron parte el secretario de Salud Jorge Alcocer, el director general del IMSS, Zo\u00e9 Robledo y el presidente del Instituto de Administraci\u00f3n y Aval\u00faos de Bienes Nacionales (INDAABIN), V\u00edctor Juli\u00e1n Mart\u00ednez Bola\u00f1os, el gobernador de Tamaulipas estuvo acompa\u00f1ado por el secretario general de Gobierno, H\u00e9ctor Joel Villegas; la secretaria de Finanzas, Adriana Lozano; el secretario de Salud, Vicente Joel Hern\u00e1ndez y el coordinador del IMSS-Bienestar en Tamaulipas, Eduardo Mart\u00ednez Bermea.<\/p>\n","protected":false},"excerpt":{"rendered":"<p>Por: Agencias Ciudad de M\u00e9xico.- El gobernador Am\u00e9rico Villarreal Anaya particip\u00f3 este lunes en la reuni\u00f3n nacional de la Comisi\u00f3n Presidencial para dar continuidad al Plan de Salud del IMSS-Bienestar, la cual fue presidida por la secretaria de Gobernaci\u00f3n, Luisa Mar\u00eda Alcalde. El mandatario tamaulipeco inform\u00f3 que los participantes se actualizaron sobre la Ley General &hellip;<\/p>\n","protected":false},"author":1,"featured_media":5617,"comment_status":"open","ping_status":"open","sticky":false,"template":"","format":"standard","meta":{"footnotes":""},"categories":[39],"tags":[],"class_list":["post-5616","post","type-post","status-publish","format-standard","has-post-thumbnail","","category-tamaulipas"],"_links":{"self":[{"href":"https:\/\/www.radiointeractivo.com.mx\/index.php?rest_route=\/wp\/v2\/posts\/5616","targetHints":{"allow":["GET"]}}],"collection":[{"href":"https:\/\/www.radiointeractivo.com.mx\/index.php?rest_route=\/wp\/v2\/posts"}],"about":[{"href":"https:\/\/www.radiointeractivo.com.mx\/index.php?rest_route=\/wp\/v2\/types\/post"}],"author":[{"embeddable":true,"href":"https:\/\/www.radiointeractivo.com.mx\/index.php?rest_route=\/wp\/v2\/users\/1"}],"replies":[{"embeddable":true,"href":"https:\/\/www.radiointeractivo.com.mx\/index.php?rest_route=%2Fwp%2Fv2%2Fcomments&post=5616"}],"version-history":[{"count":1,"href":"https:\/\/www.radiointeractivo.com.mx\/index.php?rest_route=\/wp\/v2\/posts\/5616\/revisions"}],"predecessor-version":[{"id":5618,"href":"https:\/\/www.radiointeractivo.com.mx\/index.php?rest_route=\/wp\/v2\/posts\/5616\/revisions\/5618"}],"wp:featuredmedia":[{"embeddable":true,"href":"https:\/\/www.radiointeractivo.com.mx\/index.php?rest_route=\/wp\/v2\/media\/5617"}],"wp:attachment":[{"href":"https:\/\/www.radiointeractivo.com.mx\/index.php?rest_route=%2Fwp%2Fv2%2Fmedia&parent=5616"}],"wp:term":[{"taxonomy":"category","embeddable":true,"href":"https:\/\/www.radiointeractivo.com.mx\/index.php?rest_route=%2Fwp%2Fv2%2Fcategories&post=5616"},{"taxonomy":"post_tag","embeddable":true,"href":"https:\/\/www.radiointeractivo.com.mx\/index.php?rest_route=%2Fwp%2Fv2%2Ftags&post=5616"}],"curies":[{"name":"wp","href":"https:\/\/api.w.org\/{rel}","templated":true}]}}