{"id":5502,"date":"2024-01-02T11:54:23","date_gmt":"2024-01-02T17:54:23","guid":{"rendered":"https:\/\/www.radiointeractivo.com.mx\/?p=5502"},"modified":"2024-01-02T11:54:24","modified_gmt":"2024-01-02T17:54:24","slug":"para-manana-detalles-del-secuestro-de-31-migrantes-de-tamaulipas-amlo","status":"publish","type":"post","link":"https:\/\/www.radiointeractivo.com.mx\/?p=5502","title":{"rendered":"Para ma\u00f1ana, detalles del secuestro de 31 migrantes de Tamaulipas: AMLO"},"content":{"rendered":"\n<figure class=\"wp-block-image size-full\"><img loading=\"lazy\" decoding=\"async\" width=\"680\" height=\"359\" src=\"https:\/\/www.radiointeractivo.com.mx\/wp-content\/uploads\/2024\/01\/senda.jpg\" alt=\"\" class=\"wp-image-5503\" srcset=\"https:\/\/www.radiointeractivo.com.mx\/wp-content\/uploads\/2024\/01\/senda.jpg 680w, https:\/\/www.radiointeractivo.com.mx\/wp-content\/uploads\/2024\/01\/senda-300x158.jpg 300w, https:\/\/www.radiointeractivo.com.mx\/wp-content\/uploads\/2024\/01\/senda-310x165.jpg 310w\" sizes=\"auto, (max-width: 680px) 100vw, 680px\" \/><\/figure>\n\n\n\n<p>Redacci\u00f3n EB<\/p>\n\n\n\n<p>Los detalles de la privaci\u00f3n ilegal de la libertad de 31 migrantes se dar\u00e1n a conocer ma\u00f1ana mi\u00e9rcoles, dijo el presidente de M\u00e9xico, Andr\u00e9s Manuel L\u00f3pez Obrador.<\/p>\n\n\n\n<p>En Villahermosa, Tabasco, el mandatario nacional realiz\u00f3 la conferencia matutina y no se refiri\u00f3 al hecho sucedido el s\u00e1bado 31 de diciembre por la noche en la autopista Reynosa-Matamoros.<\/p>\n\n\n\n<p>Al finalizar, las y los periodistas lo cuestionaron sobre el secuestro y repiti\u00f3 la informaci\u00f3n que comunic\u00f3 la Vocer\u00eda de seguridad de Tamaulipas ayer lunes por la tarde.<\/p>\n\n\n\n<p>L\u00f3pez Obrador evit\u00f3 dar datos sobre la nacionalidad de las v\u00edctimas y del presunto grupos delincuencial que detuvo y baj\u00f3 a las personas de un autob\u00fas de la empresa Grupo Senda.<\/p>\n\n\n\n<p>Durante la conferencia, el presidente se dedic\u00f3 a hablar de una posible reforma al Poder Judicial, hacer un recuento de pasajes hist\u00f3ricos y pol\u00edticos, y hacer comentarios sobre las elecciones de este a\u00f1o.<\/p>\n","protected":false},"excerpt":{"rendered":"<p>Redacci\u00f3n EB Los detalles de la privaci\u00f3n ilegal de la libertad de 31 migrantes se dar\u00e1n a conocer ma\u00f1ana mi\u00e9rcoles, dijo el presidente de M\u00e9xico, Andr\u00e9s Manuel L\u00f3pez Obrador. En Villahermosa, Tabasco, el mandatario nacional realiz\u00f3 la conferencia matutina y no se refiri\u00f3 al hecho sucedido el s\u00e1bado 31 de diciembre por la noche en &hellip;<\/p>\n","protected":false},"author":1,"featured_media":5503,"comment_status":"open","ping_status":"open","sticky":false,"template":"","format":"standard","meta":{"footnotes":""},"categories":[39],"tags":[],"class_list":["post-5502","post","type-post","status-publish","format-standard","has-post-thumbnail","","category-tamaulipas"],"_links":{"self":[{"href":"https:\/\/www.radiointeractivo.com.mx\/index.php?rest_route=\/wp\/v2\/posts\/5502","targetHints":{"allow":["GET"]}}],"collection":[{"href":"https:\/\/www.radiointeractivo.com.mx\/index.php?rest_route=\/wp\/v2\/posts"}],"about":[{"href":"https:\/\/www.radiointeractivo.com.mx\/index.php?rest_route=\/wp\/v2\/types\/post"}],"author":[{"embeddable":true,"href":"https:\/\/www.radiointeractivo.com.mx\/index.php?rest_route=\/wp\/v2\/users\/1"}],"replies":[{"embeddable":true,"href":"https:\/\/www.radiointeractivo.com.mx\/index.php?rest_route=%2Fwp%2Fv2%2Fcomments&post=5502"}],"version-history":[{"count":1,"href":"https:\/\/www.radiointeractivo.com.mx\/index.php?rest_route=\/wp\/v2\/posts\/5502\/revisions"}],"predecessor-version":[{"id":5504,"href":"https:\/\/www.radiointeractivo.com.mx\/index.php?rest_route=\/wp\/v2\/posts\/5502\/revisions\/5504"}],"wp:featuredmedia":[{"embeddable":true,"href":"https:\/\/www.radiointeractivo.com.mx\/index.php?rest_route=\/wp\/v2\/media\/5503"}],"wp:attachment":[{"href":"https:\/\/www.radiointeractivo.com.mx\/index.php?rest_route=%2Fwp%2Fv2%2Fmedia&parent=5502"}],"wp:term":[{"taxonomy":"category","embeddable":true,"href":"https:\/\/www.radiointeractivo.com.mx\/index.php?rest_route=%2Fwp%2Fv2%2Fcategories&post=5502"},{"taxonomy":"post_tag","embeddable":true,"href":"https:\/\/www.radiointeractivo.com.mx\/index.php?rest_route=%2Fwp%2Fv2%2Ftags&post=5502"}],"curies":[{"name":"wp","href":"https:\/\/api.w.org\/{rel}","templated":true}]}}