{"id":5389,"date":"2023-12-26T13:29:29","date_gmt":"2023-12-26T19:29:29","guid":{"rendered":"https:\/\/www.radiointeractivo.com.mx\/?p=5389"},"modified":"2023-12-26T13:29:30","modified_gmt":"2023-12-26T19:29:30","slug":"inicia-operaciones-mexicana-de-aviacion-en-tamaulipas-abre-ruta-aifa-ciudad-victoria","status":"publish","type":"post","link":"https:\/\/www.radiointeractivo.com.mx\/?p=5389","title":{"rendered":"Inicia operaciones Mexicana de Aviaci\u00f3n en Tamaulipas; abre ruta AIFA- Ciudad Victoria"},"content":{"rendered":"\n<figure class=\"wp-block-image size-large\"><img loading=\"lazy\" decoding=\"async\" width=\"1024\" height=\"683\" src=\"https:\/\/www.radiointeractivo.com.mx\/wp-content\/uploads\/2023\/12\/WhatsApp-Image-2023-12-26-at-1.24.34-PM-1024x683.jpeg\" alt=\"\" class=\"wp-image-5390\" srcset=\"https:\/\/www.radiointeractivo.com.mx\/wp-content\/uploads\/2023\/12\/WhatsApp-Image-2023-12-26-at-1.24.34-PM-1024x683.jpeg 1024w, https:\/\/www.radiointeractivo.com.mx\/wp-content\/uploads\/2023\/12\/WhatsApp-Image-2023-12-26-at-1.24.34-PM-300x200.jpeg 300w, https:\/\/www.radiointeractivo.com.mx\/wp-content\/uploads\/2023\/12\/WhatsApp-Image-2023-12-26-at-1.24.34-PM-768x512.jpeg 768w, https:\/\/www.radiointeractivo.com.mx\/wp-content\/uploads\/2023\/12\/WhatsApp-Image-2023-12-26-at-1.24.34-PM.jpeg 1500w\" sizes=\"auto, (max-width: 1024px) 100vw, 1024px\" \/><\/figure>\n\n\n\n<p>Por: Agencias<\/p>\n\n\n\n<p>Ciudad Victoria, Tamaulipas. &#8211; El gobernador Am\u00e9rico Villarreal Anaya dio la bienvenida esta ma\u00f1ana al primer vuelo de Mexicana de Aviaci\u00f3n que aterriz\u00f3 en el aeropuerto Gral. Pedro Jos\u00e9 M\u00e9ndez, de esta capital y expres\u00f3 sus deseos para que la llegada de la nueva aerol\u00ednea contribuya al desarrollo de Tamaulipas.<\/p>\n\n\n\n<p>Acompa\u00f1ado por el secretario de Turismo del estado, Benjam\u00edn Hern\u00e1ndez Rodr\u00edguez y los directivos del aeropuerto, el gobernador salud\u00f3 personalmente a los 50 pasajeros que descendieron del Embraer 145, que despeg\u00f3 del Aeropuerto Internacional Felipe \u00c1ngeles.<\/p>\n\n\n\n<p>Posteriormente el mandatario tamaulipeco junto al capit\u00e1n V\u00edctor Montiel Monsalvo, administrador entrante del aeropuerto cort\u00f3 el list\u00f3n inaugural teniendo a sus espaldas la aeronave de Mexicana, que minutos m\u00e1s tarde emprendi\u00f3 el vuelo de regreso al AIFA.<\/p>\n\n\n\n<p>En entrevista con los medios de comunicaci\u00f3n, Villarreal Anaya destac\u00f3 la respuesta inmediata del presidente Andr\u00e9s Manuel L\u00f3pez Obrador y del secretario de la Defensa Nacional, Luis Cresencio Sandoval para concretar la llegada de Mexicana de Aviaci\u00f3n a Tamaulipas.<\/p>\n\n\n\n<p>&#8220;Tuvimos la respuesta r\u00e1pida e inmediata a nuestra solicitud por parte del se\u00f1or presidente y del secretario de la Defensa para que no perdi\u00e9ramos la conectividad y tuvi\u00e9ramos la presencia de Mexicana de Aviaci\u00f3n&#8221;, expres\u00f3.<\/p>\n\n\n\n<p>Agreg\u00f3 que la nueva l\u00ednea a\u00e9rea contribuir\u00e1 a mejorar la conectividad que hab\u00eda dejado de tener la capital del estado y permitir que &#8220;tengamos mayor demanda de actividad de tr\u00e1nsito de pasajeros en estas actividades de gobierno, de econom\u00eda, de empresas, y que nos permita tener un mejor nivel de vida para todos&#8221;, indic\u00f3.<\/p>\n\n\n\n<p>La empresa inform\u00f3 que por el momento, Mexicana de Aviaci\u00f3n ofrece viajes desde el AIFA a las ciudades de Tijuana, Monterrey, Mazatl\u00e1n, Guadalajara, Puerto Vallarta, Ixtapa-Zihuatanejo, Acapulco, Ciudad Victoria, Campeche, M\u00e9rida, Villahermosa, Palenque, Tulum y Chetumal.<\/p>\n","protected":false},"excerpt":{"rendered":"<p>Por: Agencias Ciudad Victoria, Tamaulipas. &#8211; El gobernador Am\u00e9rico Villarreal Anaya dio la bienvenida esta ma\u00f1ana al primer vuelo de Mexicana de Aviaci\u00f3n que aterriz\u00f3 en el aeropuerto Gral. Pedro Jos\u00e9 M\u00e9ndez, de esta capital y expres\u00f3 sus deseos para que la llegada de la nueva aerol\u00ednea contribuya al desarrollo de Tamaulipas. Acompa\u00f1ado por el &hellip;<\/p>\n","protected":false},"author":1,"featured_media":5391,"comment_status":"open","ping_status":"open","sticky":false,"template":"","format":"standard","meta":{"footnotes":""},"categories":[39],"tags":[],"class_list":["post-5389","post","type-post","status-publish","format-standard","has-post-thumbnail","","category-tamaulipas"],"_links":{"self":[{"href":"https:\/\/www.radiointeractivo.com.mx\/index.php?rest_route=\/wp\/v2\/posts\/5389","targetHints":{"allow":["GET"]}}],"collection":[{"href":"https:\/\/www.radiointeractivo.com.mx\/index.php?rest_route=\/wp\/v2\/posts"}],"about":[{"href":"https:\/\/www.radiointeractivo.com.mx\/index.php?rest_route=\/wp\/v2\/types\/post"}],"author":[{"embeddable":true,"href":"https:\/\/www.radiointeractivo.com.mx\/index.php?rest_route=\/wp\/v2\/users\/1"}],"replies":[{"embeddable":true,"href":"https:\/\/www.radiointeractivo.com.mx\/index.php?rest_route=%2Fwp%2Fv2%2Fcomments&post=5389"}],"version-history":[{"count":1,"href":"https:\/\/www.radiointeractivo.com.mx\/index.php?rest_route=\/wp\/v2\/posts\/5389\/revisions"}],"predecessor-version":[{"id":5392,"href":"https:\/\/www.radiointeractivo.com.mx\/index.php?rest_route=\/wp\/v2\/posts\/5389\/revisions\/5392"}],"wp:featuredmedia":[{"embeddable":true,"href":"https:\/\/www.radiointeractivo.com.mx\/index.php?rest_route=\/wp\/v2\/media\/5391"}],"wp:attachment":[{"href":"https:\/\/www.radiointeractivo.com.mx\/index.php?rest_route=%2Fwp%2Fv2%2Fmedia&parent=5389"}],"wp:term":[{"taxonomy":"category","embeddable":true,"href":"https:\/\/www.radiointeractivo.com.mx\/index.php?rest_route=%2Fwp%2Fv2%2Fcategories&post=5389"},{"taxonomy":"post_tag","embeddable":true,"href":"https:\/\/www.radiointeractivo.com.mx\/index.php?rest_route=%2Fwp%2Fv2%2Ftags&post=5389"}],"curies":[{"name":"wp","href":"https:\/\/api.w.org\/{rel}","templated":true}]}}