{"id":5337,"date":"2023-12-22T11:34:27","date_gmt":"2023-12-22T17:34:27","guid":{"rendered":"https:\/\/www.radiointeractivo.com.mx\/?p=5337"},"modified":"2023-12-22T11:34:28","modified_gmt":"2023-12-22T17:34:28","slug":"americo-inaugura-nueva-etapa-de-gobiernos-responsables-y-honestos-amlo","status":"publish","type":"post","link":"https:\/\/www.radiointeractivo.com.mx\/?p=5337","title":{"rendered":"Am\u00e9rico inaugura nueva etapa de gobiernos responsables y honestos: AMLO"},"content":{"rendered":"\n<figure class=\"wp-block-image size-large\"><img loading=\"lazy\" decoding=\"async\" width=\"1024\" height=\"683\" src=\"https:\/\/www.radiointeractivo.com.mx\/wp-content\/uploads\/2023\/12\/WhatsApp-Image-2023-12-21-at-1.12.24-PM-1024x683.jpeg\" alt=\"\" class=\"wp-image-5338\" srcset=\"https:\/\/www.radiointeractivo.com.mx\/wp-content\/uploads\/2023\/12\/WhatsApp-Image-2023-12-21-at-1.12.24-PM-1024x683.jpeg 1024w, https:\/\/www.radiointeractivo.com.mx\/wp-content\/uploads\/2023\/12\/WhatsApp-Image-2023-12-21-at-1.12.24-PM-300x200.jpeg 300w, https:\/\/www.radiointeractivo.com.mx\/wp-content\/uploads\/2023\/12\/WhatsApp-Image-2023-12-21-at-1.12.24-PM-768x512.jpeg 768w, https:\/\/www.radiointeractivo.com.mx\/wp-content\/uploads\/2023\/12\/WhatsApp-Image-2023-12-21-at-1.12.24-PM.jpeg 1500w\" sizes=\"auto, (max-width: 1024px) 100vw, 1024px\" \/><\/figure>\n\n\n\n<p>-Reitera presidente que asistir\u00e1 al segundo informe del gobernador de Tamaulipas en febrero<\/p>\n\n\n\n<p>Por: Agencias<\/p>\n\n\n\n<p>Ciudad de M\u00e9xico.- El gobernador de Tamaulipas, Am\u00e9rico Villarreal, est\u00e1 haciendo un buen trabajo y el estado tiene mucho futuro, afirm\u00f3 el presidente Andr\u00e9s Manuel L\u00f3pez Obrador, quien reiter\u00f3 que el pr\u00f3ximo mes de febrero asistir\u00e1 al segundo informe del mandatario tamaulipeco.<\/p>\n\n\n\n<p>&#8220;Lo est\u00e1 haciendo muy bien Am\u00e9rico y est\u00e1 inaugurando una etapa nueva en Tamaulipas de gobiernos responsables, \u00edntegros honestos, por eso voy a ir a su informe en febrero&#8221;, dijo el presidente de M\u00e9xico durante su conferencia ma\u00f1anera este jueves, en Palacio Nacional.<\/p>\n\n\n\n<p>L\u00f3pez Obrador record\u00f3 que hace unos d\u00edas estuvo en Nuevo Laredo para inaugurar las instalaciones de un regimiento militar para 500 elementos y sus unidades habitacionales, el cual tambi\u00e9n dar\u00e1 protecci\u00f3n a la Agencia Nacional de Aduanas que tendr\u00e1 su sede en esta ciudad como parte del proceso de descentralizaci\u00f3n del Gobierno Federal.<\/p>\n\n\n\n<p>Asimismo, confirm\u00f3 que va a inaugurar el nuevo complejo administrativo de Aduanas que se construye en Nuevo Laredo, el 21 de septiembre del a\u00f1o pr\u00f3ximo, a unos d\u00edas de concluir su gobierno.<\/p>\n\n\n\n<p>L\u00f3pez Obrador destac\u00f3 el movimiento econ\u00f3mico que registra esta regi\u00f3n de la frontera norte de nuestro pa\u00eds; &#8220;ese puente fronterizo es el que tiene m\u00e1s movimiento en toda la frontera. Tiene much\u00edsimo futuro, va a seguir creciendo y hay proyectos para que se puedan establecer nuevos cruces, dos o tres puentes m\u00e1s&#8221;, dijo.<\/p>\n\n\n\n<p>Por \u00faltimo, reconoci\u00f3 de nueva cuenta el trabajo del gobernador Am\u00e9rico Villarreal, ya que tambi\u00e9n se ha ido avanzando en reducir la incidencia delictiva en Tamaulipas.<\/p>\n\n\n\n<p>&#8220;Est\u00e1 haciendo el doctor Am\u00e9rico un buen trabajo por eso vamos a estar con \u00e9l&#8221;, finaliz\u00f3.<\/p>\n","protected":false},"excerpt":{"rendered":"<p>-Reitera presidente que asistir\u00e1 al segundo informe del gobernador de Tamaulipas en febrero Por: Agencias Ciudad de M\u00e9xico.- El gobernador de Tamaulipas, Am\u00e9rico Villarreal, est\u00e1 haciendo un buen trabajo y el estado tiene mucho futuro, afirm\u00f3 el presidente Andr\u00e9s Manuel L\u00f3pez Obrador, quien reiter\u00f3 que el pr\u00f3ximo mes de febrero asistir\u00e1 al segundo informe del &hellip;<\/p>\n","protected":false},"author":1,"featured_media":5338,"comment_status":"open","ping_status":"open","sticky":false,"template":"","format":"standard","meta":{"footnotes":""},"categories":[39],"tags":[],"class_list":["post-5337","post","type-post","status-publish","format-standard","has-post-thumbnail","","category-tamaulipas"],"_links":{"self":[{"href":"https:\/\/www.radiointeractivo.com.mx\/index.php?rest_route=\/wp\/v2\/posts\/5337","targetHints":{"allow":["GET"]}}],"collection":[{"href":"https:\/\/www.radiointeractivo.com.mx\/index.php?rest_route=\/wp\/v2\/posts"}],"about":[{"href":"https:\/\/www.radiointeractivo.com.mx\/index.php?rest_route=\/wp\/v2\/types\/post"}],"author":[{"embeddable":true,"href":"https:\/\/www.radiointeractivo.com.mx\/index.php?rest_route=\/wp\/v2\/users\/1"}],"replies":[{"embeddable":true,"href":"https:\/\/www.radiointeractivo.com.mx\/index.php?rest_route=%2Fwp%2Fv2%2Fcomments&post=5337"}],"version-history":[{"count":1,"href":"https:\/\/www.radiointeractivo.com.mx\/index.php?rest_route=\/wp\/v2\/posts\/5337\/revisions"}],"predecessor-version":[{"id":5339,"href":"https:\/\/www.radiointeractivo.com.mx\/index.php?rest_route=\/wp\/v2\/posts\/5337\/revisions\/5339"}],"wp:featuredmedia":[{"embeddable":true,"href":"https:\/\/www.radiointeractivo.com.mx\/index.php?rest_route=\/wp\/v2\/media\/5338"}],"wp:attachment":[{"href":"https:\/\/www.radiointeractivo.com.mx\/index.php?rest_route=%2Fwp%2Fv2%2Fmedia&parent=5337"}],"wp:term":[{"taxonomy":"category","embeddable":true,"href":"https:\/\/www.radiointeractivo.com.mx\/index.php?rest_route=%2Fwp%2Fv2%2Fcategories&post=5337"},{"taxonomy":"post_tag","embeddable":true,"href":"https:\/\/www.radiointeractivo.com.mx\/index.php?rest_route=%2Fwp%2Fv2%2Ftags&post=5337"}],"curies":[{"name":"wp","href":"https:\/\/api.w.org\/{rel}","templated":true}]}}