{"id":5185,"date":"2023-12-17T12:14:14","date_gmt":"2023-12-17T18:14:14","guid":{"rendered":"https:\/\/www.radiointeractivo.com.mx\/?p=5185"},"modified":"2023-12-17T12:14:15","modified_gmt":"2023-12-17T18:14:15","slug":"inauguran-presidente-lopez-obrador-y-gobernador-americo-villarreal-cuartel-militar-confirman-liderazgo-de-nuevo-laredo","status":"publish","type":"post","link":"https:\/\/www.radiointeractivo.com.mx\/?p=5185","title":{"rendered":"INAUGURAN PRESIDENTE L\u00d3PEZ OBRADOR Y GOBERNADOR AM\u00c9RICO VILLARREAL CUARTEL MILITAR; CONFIRMAN LIDERAZGO DE NUEVO LAREDO"},"content":{"rendered":"\n<figure class=\"wp-block-image size-large\"><img loading=\"lazy\" decoding=\"async\" width=\"1024\" height=\"682\" src=\"https:\/\/www.radiointeractivo.com.mx\/wp-content\/uploads\/2023\/12\/WhatsApp-Image-2023-12-16-at-6.06.06-PM-1-1024x682.jpeg\" alt=\"\" class=\"wp-image-5186\" srcset=\"https:\/\/www.radiointeractivo.com.mx\/wp-content\/uploads\/2023\/12\/WhatsApp-Image-2023-12-16-at-6.06.06-PM-1-1024x682.jpeg 1024w, https:\/\/www.radiointeractivo.com.mx\/wp-content\/uploads\/2023\/12\/WhatsApp-Image-2023-12-16-at-6.06.06-PM-1-300x200.jpeg 300w, https:\/\/www.radiointeractivo.com.mx\/wp-content\/uploads\/2023\/12\/WhatsApp-Image-2023-12-16-at-6.06.06-PM-1-768x511.jpeg 768w, https:\/\/www.radiointeractivo.com.mx\/wp-content\/uploads\/2023\/12\/WhatsApp-Image-2023-12-16-at-6.06.06-PM-1-310x205.jpeg 310w, https:\/\/www.radiointeractivo.com.mx\/wp-content\/uploads\/2023\/12\/WhatsApp-Image-2023-12-16-at-6.06.06-PM-1.jpeg 1440w\" sizes=\"auto, (max-width: 1024px) 100vw, 1024px\" \/><\/figure>\n\n\n\n<p>Por: Staff | #NuevoLaredo #Tamaulipas<\/p>\n\n\n\n<p>El presidente de M\u00e9xico, Andr\u00e9s Manuel L\u00f3pez Obrador visit\u00f3 Nuevo Laredo por segunda ocasi\u00f3n en este a\u00f1o y junto al gobernador de Tamaulipas, Am\u00e9rico Villarreal Anaya inaugur\u00f3 un nuevo complejo militar que forma parte de lo que ser\u00e1 la Agencia Nacional de Aduanas de M\u00e9xico (ANAM).<\/p>\n\n\n\n<p>En un emotivo mensaje de inauguraci\u00f3n, L\u00f3pez Obrador reconoci\u00f3 el liderazgo y la importancia que representa Nuevo Laredo para el pa\u00eds en t\u00e9rminos hist\u00f3ricos, econ\u00f3micos y diplom\u00e1ticos, por eso la decisi\u00f3n de instalar en esta frontera las oficinas centrales de la ANAM.<\/p>\n\n\n\n<p>\u201cVa a ayudar mucho a Nuevo Laredo, va a seguir siendo la principal aduana del pa\u00eds, con m\u00e1s seguridad, con m\u00e1s eficiencia y con m\u00e1s honradez\u201d, se\u00f1al\u00f3 el mandatario.<\/p>\n\n\n\n<p>El presidente de M\u00e9xico, aprovech\u00f3 para anunciar que regresar\u00e1 a esta frontera el 21 de septiembre para inaugurar las instalaciones de la ANAM, que forma parte de su proyecto para descentralizar las dependencias federales.<\/p>\n\n\n\n<p>Dijo que estas importantes obras estrat\u00e9gicas reflejan el <strong>buen momento<\/strong> que vive Nuevo Laredo en t\u00e9rminos de desarrollo econ\u00f3mico, urbano y social, adem\u00e1s de que resalta el liderazgo aduanero, log\u00edstico y de transporte con el que cuenta la ciudad a nivel nacional.<\/p>\n\n\n\n<p>L\u00f3pez Obrador expres\u00f3 que el nuevo cuartel del Regimiento de Caballer\u00eda representa un paso importante en el fortalecimiento de la seguridad y defensa del pa\u00eds, mientras que las instalaciones de la ANAM consolidar\u00e1n la posici\u00f3n estrat\u00e9gica de Nuevo Laredo en el comercio internacional.<\/p>\n\n\n\n<p>\u201cMejorar nuestro entorno es importante porqu\u00e9 tambi\u00e9n va de la mano con nuestras relaciones exteriores, en las que hay muchos proyectos para que se incremente la inversi\u00f3n extranjera y se instalen nuevas plantas, empresas, se generen empleos y mejoren los salarios para los trabajadores\u201d, enfatiz\u00f3.<\/p>\n\n\n\n<p>Por su parte, Villarreal Anaya indic\u00f3 que en Tamaulipas se trabaja por la transformaci\u00f3n a trav\u00e9s de un gobierno dedicado a servir a la poblaci\u00f3n mediante una vocaci\u00f3n \u00e9tica y human\u00edstica, ideales que son ejemplo del proyecto del presidente de la rep\u00fablica.<\/p>\n\n\n\n<p>\u201cLa inauguraci\u00f3n de este complejo militar que forma parte de la ANAM representa una inversi\u00f3n federal hist\u00f3rica que nos consolida como el referente m\u00e1s importante de la plataforma log\u00edstica del comercio internacional de M\u00e9xico y generador de econom\u00edas de escala que ya se iniciaron\u201d, asegur\u00f3.<\/p>\n\n\n\n<p>Mientras que la alcaldesa Carmen Lilia Canturosas Villarreal, destac\u00f3 que la visita del Gobierno Federal significa la llegada de progreso y beneficios a la ciudad, como lo es esta inversi\u00f3n que representa la transformaci\u00f3n de Nuevo Laredo en un importante puerto de desarrollo econ\u00f3mico.<\/p>\n\n\n\n<p>\u201cTodo lo que la ciudad aporta a la Rep\u00fablica Mexicana se ve reflejado en estas inversiones que tambi\u00e9n dan voz a la confianza de la Federaci\u00f3n en la ciudad, estamos trabajando para fortalecer nuestro municipio y lo estamos logrando\u201d, se\u00f1al\u00f3.<\/p>\n\n\n\n<p>Esta inauguraci\u00f3n y supervisi\u00f3n marca la segunda ocasi\u00f3n que el Presidente de M\u00e9xico visita Nuevo Laredo durante la administraci\u00f3n municipal de la alcaldesa Carmen Lilia Canturosas Villarreal, hecho que subraya la excelente relaci\u00f3n y sinergia que existe entre los gobiernos Municipal y Federal.<\/p>\n\n\n\n<p>El presidente de la rep\u00fablica estuvo acompa\u00f1ado del Secretario de la Defensa Nacional, Luis Crescencio Sandoval; la secretaria de Gobernaci\u00f3n, Luisa Mar\u00eda Alcalde Luj\u00e1n, el director de la ANAM, Andr\u00e9 Georges Foullon Van Lissum, Juan Pablo de Botton Falc\u00f3n, subsecretario de Egresos de la Secretar\u00eda de Hacienda.<\/p>\n\n\n\n<figure class=\"wp-block-image size-large\"><img loading=\"lazy\" decoding=\"async\" width=\"1024\" height=\"682\" src=\"https:\/\/www.radiointeractivo.com.mx\/wp-content\/uploads\/2023\/12\/WhatsApp-Image-2023-12-16-at-6.06.06-PM-2-1024x682.jpeg\" alt=\"\" class=\"wp-image-5188\" srcset=\"https:\/\/www.radiointeractivo.com.mx\/wp-content\/uploads\/2023\/12\/WhatsApp-Image-2023-12-16-at-6.06.06-PM-2-1024x682.jpeg 1024w, https:\/\/www.radiointeractivo.com.mx\/wp-content\/uploads\/2023\/12\/WhatsApp-Image-2023-12-16-at-6.06.06-PM-2-300x200.jpeg 300w, https:\/\/www.radiointeractivo.com.mx\/wp-content\/uploads\/2023\/12\/WhatsApp-Image-2023-12-16-at-6.06.06-PM-2-768x512.jpeg 768w, https:\/\/www.radiointeractivo.com.mx\/wp-content\/uploads\/2023\/12\/WhatsApp-Image-2023-12-16-at-6.06.06-PM-2-310x205.jpeg 310w, https:\/\/www.radiointeractivo.com.mx\/wp-content\/uploads\/2023\/12\/WhatsApp-Image-2023-12-16-at-6.06.06-PM-2.jpeg 1411w\" sizes=\"auto, (max-width: 1024px) 100vw, 1024px\" \/><\/figure>\n","protected":false},"excerpt":{"rendered":"<p>Por: Staff | #NuevoLaredo #Tamaulipas El presidente de M\u00e9xico, Andr\u00e9s Manuel L\u00f3pez Obrador visit\u00f3 Nuevo Laredo por segunda ocasi\u00f3n en este a\u00f1o y junto al gobernador de Tamaulipas, Am\u00e9rico Villarreal Anaya inaugur\u00f3 un nuevo complejo militar que forma parte de lo que ser\u00e1 la Agencia Nacional de Aduanas de M\u00e9xico (ANAM). En un emotivo mensaje &hellip;<\/p>\n","protected":false},"author":1,"featured_media":5187,"comment_status":"open","ping_status":"open","sticky":false,"template":"","format":"standard","meta":{"footnotes":""},"categories":[38,39],"tags":[],"class_list":["post-5185","post","type-post","status-publish","format-standard","has-post-thumbnail","","category-nuevo-laredo","category-tamaulipas"],"_links":{"self":[{"href":"https:\/\/www.radiointeractivo.com.mx\/index.php?rest_route=\/wp\/v2\/posts\/5185","targetHints":{"allow":["GET"]}}],"collection":[{"href":"https:\/\/www.radiointeractivo.com.mx\/index.php?rest_route=\/wp\/v2\/posts"}],"about":[{"href":"https:\/\/www.radiointeractivo.com.mx\/index.php?rest_route=\/wp\/v2\/types\/post"}],"author":[{"embeddable":true,"href":"https:\/\/www.radiointeractivo.com.mx\/index.php?rest_route=\/wp\/v2\/users\/1"}],"replies":[{"embeddable":true,"href":"https:\/\/www.radiointeractivo.com.mx\/index.php?rest_route=%2Fwp%2Fv2%2Fcomments&post=5185"}],"version-history":[{"count":1,"href":"https:\/\/www.radiointeractivo.com.mx\/index.php?rest_route=\/wp\/v2\/posts\/5185\/revisions"}],"predecessor-version":[{"id":5189,"href":"https:\/\/www.radiointeractivo.com.mx\/index.php?rest_route=\/wp\/v2\/posts\/5185\/revisions\/5189"}],"wp:featuredmedia":[{"embeddable":true,"href":"https:\/\/www.radiointeractivo.com.mx\/index.php?rest_route=\/wp\/v2\/media\/5187"}],"wp:attachment":[{"href":"https:\/\/www.radiointeractivo.com.mx\/index.php?rest_route=%2Fwp%2Fv2%2Fmedia&parent=5185"}],"wp:term":[{"taxonomy":"category","embeddable":true,"href":"https:\/\/www.radiointeractivo.com.mx\/index.php?rest_route=%2Fwp%2Fv2%2Fcategories&post=5185"},{"taxonomy":"post_tag","embeddable":true,"href":"https:\/\/www.radiointeractivo.com.mx\/index.php?rest_route=%2Fwp%2Fv2%2Ftags&post=5185"}],"curies":[{"name":"wp","href":"https:\/\/api.w.org\/{rel}","templated":true}]}}