{"id":5113,"date":"2023-12-14T15:13:32","date_gmt":"2023-12-14T21:13:32","guid":{"rendered":"https:\/\/www.radiointeractivo.com.mx\/?p=5113"},"modified":"2023-12-14T15:13:36","modified_gmt":"2023-12-14T21:13:36","slug":"todo-listo-para-desfile-navideno-2023-recorrera-principales-calles-de-nuevo-laredo","status":"publish","type":"post","link":"https:\/\/www.radiointeractivo.com.mx\/?p=5113","title":{"rendered":"TODO LISTO PARA \u201cDESFILE NAVIDE\u00d1O 2023\u201d; RECORRER\u00c1 PRINCIPALES CALLES DE NUEVO LAREDO"},"content":{"rendered":"\n<figure class=\"wp-block-image size-full\"><img loading=\"lazy\" decoding=\"async\" width=\"960\" height=\"960\" src=\"https:\/\/www.radiointeractivo.com.mx\/wp-content\/uploads\/2023\/12\/WhatsApp-Image-2023-12-14-at-12.19.26-PM.jpeg\" alt=\"\" class=\"wp-image-5114\" srcset=\"https:\/\/www.radiointeractivo.com.mx\/wp-content\/uploads\/2023\/12\/WhatsApp-Image-2023-12-14-at-12.19.26-PM.jpeg 960w, https:\/\/www.radiointeractivo.com.mx\/wp-content\/uploads\/2023\/12\/WhatsApp-Image-2023-12-14-at-12.19.26-PM-300x300.jpeg 300w, https:\/\/www.radiointeractivo.com.mx\/wp-content\/uploads\/2023\/12\/WhatsApp-Image-2023-12-14-at-12.19.26-PM-150x150.jpeg 150w, https:\/\/www.radiointeractivo.com.mx\/wp-content\/uploads\/2023\/12\/WhatsApp-Image-2023-12-14-at-12.19.26-PM-768x768.jpeg 768w\" sizes=\"auto, (max-width: 960px) 100vw, 960px\" \/><\/figure>\n\n\n\n<p>Por: Staff | #NuevoLaredo #Tamaulipas<\/p>\n\n\n\n<p>El Gobierno Municipal invita a la ciudadan\u00eda a presenciar el \u201cDesfile Navide\u00f1o 2023\u201d, una actividad que re\u00fane a las familias neolaredenses para disfrutar de un contingente de 24 plataformas y 250 unidades que representan el esp\u00edritu navide\u00f1o y felicidad que se vive en la ciudad.<\/p>\n\n\n\n<p>Ser\u00e1 este s\u00e1bado 16 de diciembre a partir de las 5:00 PM; la ruta iniciar\u00e1 en el crucero de Avenida Reforma y 15 de septiembre, donde el contingente se desplazar\u00e1 por la Reforma hacia Paseo Col\u00f3n, despu\u00e9s doblar\u00e1 en Ruiz Cort\u00ednez para dirigirse hacia la Campeche.<\/p>\n\n\n\n<p>El recorrido contin\u00faa en la Santos Degollado, donde dar\u00e1n vuelta hacia Dr. Mier para tomar la avenida Guerrero rumbo a la Reforma y finalizar en la 15 de septiembre.<\/p>\n","protected":false},"excerpt":{"rendered":"<p>Por: Staff | #NuevoLaredo #Tamaulipas El Gobierno Municipal invita a la ciudadan\u00eda a presenciar el \u201cDesfile Navide\u00f1o 2023\u201d, una actividad que re\u00fane a las familias neolaredenses para disfrutar de un contingente de 24 plataformas y 250 unidades que representan el esp\u00edritu navide\u00f1o y felicidad que se vive en la ciudad. Ser\u00e1 este s\u00e1bado 16 de &hellip;<\/p>\n","protected":false},"author":1,"featured_media":5114,"comment_status":"open","ping_status":"open","sticky":false,"template":"","format":"standard","meta":{"footnotes":""},"categories":[38],"tags":[],"class_list":["post-5113","post","type-post","status-publish","format-standard","has-post-thumbnail","","category-nuevo-laredo"],"_links":{"self":[{"href":"https:\/\/www.radiointeractivo.com.mx\/index.php?rest_route=\/wp\/v2\/posts\/5113","targetHints":{"allow":["GET"]}}],"collection":[{"href":"https:\/\/www.radiointeractivo.com.mx\/index.php?rest_route=\/wp\/v2\/posts"}],"about":[{"href":"https:\/\/www.radiointeractivo.com.mx\/index.php?rest_route=\/wp\/v2\/types\/post"}],"author":[{"embeddable":true,"href":"https:\/\/www.radiointeractivo.com.mx\/index.php?rest_route=\/wp\/v2\/users\/1"}],"replies":[{"embeddable":true,"href":"https:\/\/www.radiointeractivo.com.mx\/index.php?rest_route=%2Fwp%2Fv2%2Fcomments&post=5113"}],"version-history":[{"count":1,"href":"https:\/\/www.radiointeractivo.com.mx\/index.php?rest_route=\/wp\/v2\/posts\/5113\/revisions"}],"predecessor-version":[{"id":5115,"href":"https:\/\/www.radiointeractivo.com.mx\/index.php?rest_route=\/wp\/v2\/posts\/5113\/revisions\/5115"}],"wp:featuredmedia":[{"embeddable":true,"href":"https:\/\/www.radiointeractivo.com.mx\/index.php?rest_route=\/wp\/v2\/media\/5114"}],"wp:attachment":[{"href":"https:\/\/www.radiointeractivo.com.mx\/index.php?rest_route=%2Fwp%2Fv2%2Fmedia&parent=5113"}],"wp:term":[{"taxonomy":"category","embeddable":true,"href":"https:\/\/www.radiointeractivo.com.mx\/index.php?rest_route=%2Fwp%2Fv2%2Fcategories&post=5113"},{"taxonomy":"post_tag","embeddable":true,"href":"https:\/\/www.radiointeractivo.com.mx\/index.php?rest_route=%2Fwp%2Fv2%2Ftags&post=5113"}],"curies":[{"name":"wp","href":"https:\/\/api.w.org\/{rel}","templated":true}]}}