{"id":5106,"date":"2023-12-14T11:34:59","date_gmt":"2023-12-14T17:34:59","guid":{"rendered":"https:\/\/www.radiointeractivo.com.mx\/?p=5106"},"modified":"2023-12-14T11:35:00","modified_gmt":"2023-12-14T17:35:00","slug":"en-reynosa-rinde-protesta-el-consejo-asesor-del-centro-de-conciliacion-laboral-de-tamaulipas","status":"publish","type":"post","link":"https:\/\/www.radiointeractivo.com.mx\/?p=5106","title":{"rendered":"En Reynosa rinde protesta el Consejo Asesor del Centro de Conciliaci\u00f3n Laboral de Tamaulipas"},"content":{"rendered":"\n<figure class=\"wp-block-image size-large\"><img loading=\"lazy\" decoding=\"async\" width=\"1024\" height=\"683\" src=\"https:\/\/www.radiointeractivo.com.mx\/wp-content\/uploads\/2023\/12\/WhatsApp-Image-2023-12-13-at-7.10.27-PM-1024x683.jpeg\" alt=\"\" class=\"wp-image-5107\" srcset=\"https:\/\/www.radiointeractivo.com.mx\/wp-content\/uploads\/2023\/12\/WhatsApp-Image-2023-12-13-at-7.10.27-PM-1024x683.jpeg 1024w, https:\/\/www.radiointeractivo.com.mx\/wp-content\/uploads\/2023\/12\/WhatsApp-Image-2023-12-13-at-7.10.27-PM-300x200.jpeg 300w, https:\/\/www.radiointeractivo.com.mx\/wp-content\/uploads\/2023\/12\/WhatsApp-Image-2023-12-13-at-7.10.27-PM-768x512.jpeg 768w, https:\/\/www.radiointeractivo.com.mx\/wp-content\/uploads\/2023\/12\/WhatsApp-Image-2023-12-13-at-7.10.27-PM-1536x1024.jpeg 1536w, https:\/\/www.radiointeractivo.com.mx\/wp-content\/uploads\/2023\/12\/WhatsApp-Image-2023-12-13-at-7.10.27-PM.jpeg 1599w\" sizes=\"auto, (max-width: 1024px) 100vw, 1024px\" \/><\/figure>\n\n\n\n<p>-Olga Sosa Ru\u00edz toma protesta a 15 abogadas y abogados laboralistas de Tamaulipas<\/p>\n\n\n\n<p>Por: Agencias<\/p>\n\n\n\n<p>Reynosa, Tamaulipas.- Con la participaci\u00f3n de destacados abogados y abogadas laboralistas de Tamaulipas, la secretaria del Trabajo, Olga Patricia Sosa Ru\u00edz, tom\u00f3 la protesta al Consejo de Asesores del Centro de Conciliaci\u00f3n Laboral del Estado, integrado por personalidades distinguidas en el \u00e1mbito, que ser\u00e1n parte del di\u00e1logo enriquecedor para seguir fortaleciendo el nuevo sistema de justicia laboral.<\/p>\n\n\n\n<p>El evento celebrado en Reynosa, fue presidido por la secretaria del Trabajo y Previsi\u00f3n Social del gobierno de Am\u00e9rico Villarreal Anaya, quien dio la bienvenida a las h los abogados de probada experiencia, que enriquecer\u00e1n el equilibrio con el que trabaja este organismo p\u00fablico descentralizado.<\/p>\n\n\n\n<p>Al dar la bienvenida al Consejo Asesor, Sosa Ru\u00edz, se\u00f1al\u00f3 que como parte de la reforma laboral, la conciliaci\u00f3n incrementa su papel significativo en el nuevo sistema, donde todas y todos han vivido la transformaci\u00f3n institucional que este nuevo sistema propicia, convocando en el seno de este Consejo a intensificar el di\u00e1logo para construir una ruta de entendimiento, donde es de vital importancia la experiencia y las aportaciones de todas y todos.<\/p>\n\n\n\n<p>&#8220;El di\u00e1logo como instrumento de armonizaci\u00f3n de los diversos puntos de vista, nos har\u00e1 llegar a conclusiones y acuerdos que nos brindan la posibilidad de realizar una justicia laboral equilibrada, pronta, expedita y ben\u00e9fica, para todas las partes, por eso hoy agradezco a todos los que nos hacen el favor de participar en este importante consejo porque reconocemos en ustedes a personas con prestigio en el \u00e1mbito laboral jur\u00eddico y empresarial, que nos apoyar\u00e1n para mejorar el servicio de conciliaci\u00f3n&#8221;.<\/p>\n\n\n\n<p>La secretaria del Trabajo junto con el director general del Centro de Conciliaci\u00f3n, Jos\u00e9 Ives Sober\u00f3n Mej\u00eda, se\u00f1al\u00f3 que de los conflictos laborales en 2023, 8 de cada 10 se solucionan por la v\u00eda de la conciliaci\u00f3n, con un promedio de 18 d\u00edas y estos son fruto del trabajo y dedicaci\u00f3n diaria, en favor, de una mejora continua.<\/p>\n\n\n\n<p>En este evento de instalaci\u00f3n del Consejo expusieron sus argumentos las 15 abogadas y abogados laboralistas que lo integran, externando todos su voluntad de trabajar de la mano con la Secretar\u00eda del Trabajo y el Centro de Conciliaci\u00f3n, para que Tamaulipas siga transitando por la ruta de la justicia laboral que durante a\u00f1os se mantuvo con un sistema que ya no era funcional, pero que en la actualidad con la reforma laboral, el impulso del Gobierno Federal y del gobierno de Am\u00e9rico Villarreal Anaya, est\u00e1 dando respuesta a las y los tamaulipecos.<\/p>\n\n\n\n<p>Los integrantes del Consejo son: Mar\u00eda Ang\u00e9lica Res\u00e9ndez Gonz\u00e1lez, Mar\u00eda Sanjuana Portillo Pe\u00f1a, Yadira Judith Cepeda Sosa, Carmen Castillo P\u00e9rez, Adriana Contreras Hern\u00e1ndez, Heberardo Gonz\u00e1lez Garza, Luis Fernando Zapata santos, Guillermo Ter\u00e1n Pe\u00f1a, Eduardo Jim\u00e9nez L\u00f3pez, Ernesto Ram\u00edrez, Ernesto Velarde Danache, Francisco Pe\u00f1a Vald\u00e9s, Enrique Luengas Escudero, Jorge Barajas Yebra, Juan Carlos Ley Fong y Arturo Montalvo Aceves.<\/p>\n","protected":false},"excerpt":{"rendered":"<p>-Olga Sosa Ru\u00edz toma protesta a 15 abogadas y abogados laboralistas de Tamaulipas Por: Agencias Reynosa, Tamaulipas.- Con la participaci\u00f3n de destacados abogados y abogadas laboralistas de Tamaulipas, la secretaria del Trabajo, Olga Patricia Sosa Ru\u00edz, tom\u00f3 la protesta al Consejo de Asesores del Centro de Conciliaci\u00f3n Laboral del Estado, integrado por personalidades distinguidas en &hellip;<\/p>\n","protected":false},"author":1,"featured_media":5108,"comment_status":"open","ping_status":"open","sticky":false,"template":"","format":"standard","meta":{"footnotes":""},"categories":[39],"tags":[],"class_list":["post-5106","post","type-post","status-publish","format-standard","has-post-thumbnail","","category-tamaulipas"],"_links":{"self":[{"href":"https:\/\/www.radiointeractivo.com.mx\/index.php?rest_route=\/wp\/v2\/posts\/5106","targetHints":{"allow":["GET"]}}],"collection":[{"href":"https:\/\/www.radiointeractivo.com.mx\/index.php?rest_route=\/wp\/v2\/posts"}],"about":[{"href":"https:\/\/www.radiointeractivo.com.mx\/index.php?rest_route=\/wp\/v2\/types\/post"}],"author":[{"embeddable":true,"href":"https:\/\/www.radiointeractivo.com.mx\/index.php?rest_route=\/wp\/v2\/users\/1"}],"replies":[{"embeddable":true,"href":"https:\/\/www.radiointeractivo.com.mx\/index.php?rest_route=%2Fwp%2Fv2%2Fcomments&post=5106"}],"version-history":[{"count":1,"href":"https:\/\/www.radiointeractivo.com.mx\/index.php?rest_route=\/wp\/v2\/posts\/5106\/revisions"}],"predecessor-version":[{"id":5109,"href":"https:\/\/www.radiointeractivo.com.mx\/index.php?rest_route=\/wp\/v2\/posts\/5106\/revisions\/5109"}],"wp:featuredmedia":[{"embeddable":true,"href":"https:\/\/www.radiointeractivo.com.mx\/index.php?rest_route=\/wp\/v2\/media\/5108"}],"wp:attachment":[{"href":"https:\/\/www.radiointeractivo.com.mx\/index.php?rest_route=%2Fwp%2Fv2%2Fmedia&parent=5106"}],"wp:term":[{"taxonomy":"category","embeddable":true,"href":"https:\/\/www.radiointeractivo.com.mx\/index.php?rest_route=%2Fwp%2Fv2%2Fcategories&post=5106"},{"taxonomy":"post_tag","embeddable":true,"href":"https:\/\/www.radiointeractivo.com.mx\/index.php?rest_route=%2Fwp%2Fv2%2Ftags&post=5106"}],"curies":[{"name":"wp","href":"https:\/\/api.w.org\/{rel}","templated":true}]}}