{"id":5100,"date":"2023-12-14T11:33:03","date_gmt":"2023-12-14T17:33:03","guid":{"rendered":"https:\/\/www.radiointeractivo.com.mx\/?p=5100"},"modified":"2023-12-14T11:33:05","modified_gmt":"2023-12-14T17:33:05","slug":"sst-refuerza-acciones-para-la-atencion-de-la-poblacion-infantil","status":"publish","type":"post","link":"https:\/\/www.radiointeractivo.com.mx\/?p=5100","title":{"rendered":"SST refuerza acciones para la atenci\u00f3n de la poblaci\u00f3n infantil"},"content":{"rendered":"\n<figure class=\"wp-block-image size-large\"><img loading=\"lazy\" decoding=\"async\" width=\"1024\" height=\"683\" src=\"https:\/\/www.radiointeractivo.com.mx\/wp-content\/uploads\/2023\/12\/WhatsApp-Image-2023-12-13-at-6.37.52-PM-1024x683.jpeg\" alt=\"\" class=\"wp-image-5101\" srcset=\"https:\/\/www.radiointeractivo.com.mx\/wp-content\/uploads\/2023\/12\/WhatsApp-Image-2023-12-13-at-6.37.52-PM-1024x683.jpeg 1024w, https:\/\/www.radiointeractivo.com.mx\/wp-content\/uploads\/2023\/12\/WhatsApp-Image-2023-12-13-at-6.37.52-PM-300x200.jpeg 300w, https:\/\/www.radiointeractivo.com.mx\/wp-content\/uploads\/2023\/12\/WhatsApp-Image-2023-12-13-at-6.37.52-PM-768x512.jpeg 768w, https:\/\/www.radiointeractivo.com.mx\/wp-content\/uploads\/2023\/12\/WhatsApp-Image-2023-12-13-at-6.37.52-PM-1536x1024.jpeg 1536w, https:\/\/www.radiointeractivo.com.mx\/wp-content\/uploads\/2023\/12\/WhatsApp-Image-2023-12-13-at-6.37.52-PM.jpeg 1560w\" sizes=\"auto, (max-width: 1024px) 100vw, 1024px\" \/><\/figure>\n\n\n\n<p>Por: Agencias <\/p>\n\n\n\n<p>Ciudad Victoria, Tamaulipas.- En el marco de la sexta reuni\u00f3n ordinaria del Comit\u00e9 de Estrategias para la Reducci\u00f3n de la Mortalidad en la Infancia (COERMI) se evalu\u00f3 la situaci\u00f3n actual de las unidades hospitalarias para asegurar la infraestructura y equipamiento que garantice la atenci\u00f3n \u00f3ptima de la poblaci\u00f3n infantil.<\/p>\n\n\n\n<p>Para dar respuesta a la demanda de atenci\u00f3n, que en esta temporada invernal se incrementa por la presencia de las enfermedades respiratorias agudas, el secretario de Salud, Vicente Joel Hern\u00e1ndez Navarro, convoc\u00f3 a los integrantes del Comit\u00e9 a reforzar la capacitaci\u00f3n m\u00e9dica continua del personal que se encuentra en contacto directo con los pacientes y promover entre la comunidad, los signos de alarma de este tipo de patolog\u00edas que afectan m\u00e1s frecuentemente a la poblaci\u00f3n infantil.<\/p>\n\n\n\n<p>Mencion\u00f3 que con el objetivo de evaluar las acciones y dar resultados de los programas de salud, se realizan este tipo de actividades; en esta ocasi\u00f3n los temas se enfocaron a las infecciones respiratorias, vacunaci\u00f3n, control del ni\u00f1o sano, vigilancia nutricional, desarrollo infantil y capacitaci\u00f3n a los cuidadores de los menores.<\/p>\n\n\n\n<p>Indicaron que la mortalidad en las ni\u00f1as y ni\u00f1os menores de cinco a\u00f1os, ocupa uno de los quehaceres diarios en todas y cada una de las unidades m\u00e9dicas del sector salud, ya que a\u00fan y cuando se identifica la mayor tasa en la mortalidad infantil, es necesario fortalecer las acciones preventivas encaminadas a mitigar los factores de riesgo de este grupo.<\/p>\n\n\n\n<p>Cabe mencionar que entre los acuerdos establecidos en la \u00faltima sesi\u00f3n de este a\u00f1o del COERMI, destaca la capacitaci\u00f3n de los especialistas m\u00e9dicos, el personal de enfermer\u00eda y de urgencias para detectar de manera temprana padecimientos como las enfermedades diarreicas, c\u00e1ncer infantil, desnutrici\u00f3n, entre otros.<\/p>\n\n\n\n<p>En esta reuni\u00f3n del COERMI, se obtuvo la asistencia presencial y virtual de 157 personas de las diferentes unidades hospitalarias como Hospital Infantil de Tamaulipas, Hospital General de Tampico, Hospital Materno Infantil de Reynosa, as\u00ed como personal de la Secretar\u00eda de Salud, IMSS. ISSSTE, Cruz Roja, PEMEX, SEDENA, SEMAR, DIF, SIPINNA, COEPRIS, Fundaci\u00f3n BEST, Colegio Estatal de Pediatr\u00eda, Colegio Estatal de Ginecolog\u00eda, entre otras dependencias.<\/p>\n","protected":false},"excerpt":{"rendered":"<p>Por: Agencias Ciudad Victoria, Tamaulipas.- En el marco de la sexta reuni\u00f3n ordinaria del Comit\u00e9 de Estrategias para la Reducci\u00f3n de la Mortalidad en la Infancia (COERMI) se evalu\u00f3 la situaci\u00f3n actual de las unidades hospitalarias para asegurar la infraestructura y equipamiento que garantice la atenci\u00f3n \u00f3ptima de la poblaci\u00f3n infantil. Para dar respuesta a &hellip;<\/p>\n","protected":false},"author":1,"featured_media":5101,"comment_status":"open","ping_status":"open","sticky":false,"template":"","format":"standard","meta":{"footnotes":""},"categories":[39],"tags":[],"class_list":["post-5100","post","type-post","status-publish","format-standard","has-post-thumbnail","","category-tamaulipas"],"_links":{"self":[{"href":"https:\/\/www.radiointeractivo.com.mx\/index.php?rest_route=\/wp\/v2\/posts\/5100","targetHints":{"allow":["GET"]}}],"collection":[{"href":"https:\/\/www.radiointeractivo.com.mx\/index.php?rest_route=\/wp\/v2\/posts"}],"about":[{"href":"https:\/\/www.radiointeractivo.com.mx\/index.php?rest_route=\/wp\/v2\/types\/post"}],"author":[{"embeddable":true,"href":"https:\/\/www.radiointeractivo.com.mx\/index.php?rest_route=\/wp\/v2\/users\/1"}],"replies":[{"embeddable":true,"href":"https:\/\/www.radiointeractivo.com.mx\/index.php?rest_route=%2Fwp%2Fv2%2Fcomments&post=5100"}],"version-history":[{"count":1,"href":"https:\/\/www.radiointeractivo.com.mx\/index.php?rest_route=\/wp\/v2\/posts\/5100\/revisions"}],"predecessor-version":[{"id":5102,"href":"https:\/\/www.radiointeractivo.com.mx\/index.php?rest_route=\/wp\/v2\/posts\/5100\/revisions\/5102"}],"wp:featuredmedia":[{"embeddable":true,"href":"https:\/\/www.radiointeractivo.com.mx\/index.php?rest_route=\/wp\/v2\/media\/5101"}],"wp:attachment":[{"href":"https:\/\/www.radiointeractivo.com.mx\/index.php?rest_route=%2Fwp%2Fv2%2Fmedia&parent=5100"}],"wp:term":[{"taxonomy":"category","embeddable":true,"href":"https:\/\/www.radiointeractivo.com.mx\/index.php?rest_route=%2Fwp%2Fv2%2Fcategories&post=5100"},{"taxonomy":"post_tag","embeddable":true,"href":"https:\/\/www.radiointeractivo.com.mx\/index.php?rest_route=%2Fwp%2Fv2%2Ftags&post=5100"}],"curies":[{"name":"wp","href":"https:\/\/api.w.org\/{rel}","templated":true}]}}