{"id":5094,"date":"2023-12-14T11:13:09","date_gmt":"2023-12-14T17:13:09","guid":{"rendered":"https:\/\/www.radiointeractivo.com.mx\/?p=5094"},"modified":"2023-12-14T11:13:10","modified_gmt":"2023-12-14T17:13:10","slug":"atestigua-americo-entrega-de-medalla-al-merito-a-investigadora-matamorense","status":"publish","type":"post","link":"https:\/\/www.radiointeractivo.com.mx\/?p=5094","title":{"rendered":"Atestigua Am\u00e9rico entrega de medalla al m\u00e9rito a investigadora matamorense"},"content":{"rendered":"\n<figure class=\"wp-block-image size-large\"><img loading=\"lazy\" decoding=\"async\" width=\"1024\" height=\"682\" src=\"https:\/\/www.radiointeractivo.com.mx\/wp-content\/uploads\/2023\/12\/WhatsApp-Image-2023-12-13-at-5.32.08-PM-1024x682.jpeg\" alt=\"\" class=\"wp-image-5095\" srcset=\"https:\/\/www.radiointeractivo.com.mx\/wp-content\/uploads\/2023\/12\/WhatsApp-Image-2023-12-13-at-5.32.08-PM-1024x682.jpeg 1024w, https:\/\/www.radiointeractivo.com.mx\/wp-content\/uploads\/2023\/12\/WhatsApp-Image-2023-12-13-at-5.32.08-PM-300x200.jpeg 300w, https:\/\/www.radiointeractivo.com.mx\/wp-content\/uploads\/2023\/12\/WhatsApp-Image-2023-12-13-at-5.32.08-PM-768x512.jpeg 768w, https:\/\/www.radiointeractivo.com.mx\/wp-content\/uploads\/2023\/12\/WhatsApp-Image-2023-12-13-at-5.32.08-PM-1536x1023.jpeg 1536w, https:\/\/www.radiointeractivo.com.mx\/wp-content\/uploads\/2023\/12\/WhatsApp-Image-2023-12-13-at-5.32.08-PM-310x205.jpeg 310w, https:\/\/www.radiointeractivo.com.mx\/wp-content\/uploads\/2023\/12\/WhatsApp-Image-2023-12-13-at-5.32.08-PM.jpeg 1600w\" sizes=\"auto, (max-width: 1024px) 100vw, 1024px\" \/><\/figure>\n\n\n\n<p>Por: Agencias<\/p>\n\n\n\n<p>Ciudad Victoria, Tamaulipas.- El gobernador Am\u00e9rico Villarreal Anaya asisti\u00f3 al Congreso del Estado para participar en la ceremonia de entrega de la medalla al m\u00e9rito &#8220;Luis Garc\u00eda de Arellano&#8221;, que en su edici\u00f3n 2023 se asign\u00f3 a la doctora Anabel Pineda Brise\u00f1o, como un justo reconocimiento por su trayectoria en la investigaci\u00f3n y ense\u00f1anza de la ingenier\u00eda, as\u00ed como en la innovaci\u00f3n, ciencia y tecnolog\u00eda en el \u00e1mbito del espacio, nuevo espacio, inteligencia artificial y educaci\u00f3n STEAM a nivel estatal, nacional e internacional.<\/p>\n\n\n\n<p>Acompa\u00f1ado por la presidenta de la Mesa Directiva del Congreso del Estado, diputada Linda Mireya Gonz\u00e1lez Z\u00fa\u00f1iga y por el presidente del Supremo Tribunal de Justicia, magistrado David Cerda Z\u00fa\u00f1iga, el gobernador de Tamaulipas entreg\u00f3 el reconocimiento a la doctora matamorense y tambi\u00e9n devel\u00f3 el nombre de la galardonada inscrito con letras de oro en el Muro de Honor del Palacio Legislativo.<\/p>\n\n\n\n<p>En la sesi\u00f3n p\u00fablica y solemne, la diputada \u00darsula Salazar Mojica, presidenta de la Junta de Coordinaci\u00f3n Pol\u00edtica del Congreso del Estado dio lectura al decreto 65-602 por el cual la LXV Legislatura acord\u00f3 otorgar la m\u00e1xima distinci\u00f3n a Anabel Pineda Brise\u00f1o, oriunda del municipio de Matamoros, ingeniera en Sistemas Computacionales, egresada de la Universidad Aut\u00f3noma de Tamaulipas y doctora en Ciencias de la Computaci\u00f3n por el Instituto Polit\u00e9cnico Nacional.<\/p>\n","protected":false},"excerpt":{"rendered":"<p>Por: Agencias Ciudad Victoria, Tamaulipas.- El gobernador Am\u00e9rico Villarreal Anaya asisti\u00f3 al Congreso del Estado para participar en la ceremonia de entrega de la medalla al m\u00e9rito &#8220;Luis Garc\u00eda de Arellano&#8221;, que en su edici\u00f3n 2023 se asign\u00f3 a la doctora Anabel Pineda Brise\u00f1o, como un justo reconocimiento por su trayectoria en la investigaci\u00f3n y &hellip;<\/p>\n","protected":false},"author":1,"featured_media":5095,"comment_status":"open","ping_status":"open","sticky":false,"template":"","format":"standard","meta":{"footnotes":""},"categories":[39],"tags":[],"class_list":["post-5094","post","type-post","status-publish","format-standard","has-post-thumbnail","","category-tamaulipas"],"_links":{"self":[{"href":"https:\/\/www.radiointeractivo.com.mx\/index.php?rest_route=\/wp\/v2\/posts\/5094","targetHints":{"allow":["GET"]}}],"collection":[{"href":"https:\/\/www.radiointeractivo.com.mx\/index.php?rest_route=\/wp\/v2\/posts"}],"about":[{"href":"https:\/\/www.radiointeractivo.com.mx\/index.php?rest_route=\/wp\/v2\/types\/post"}],"author":[{"embeddable":true,"href":"https:\/\/www.radiointeractivo.com.mx\/index.php?rest_route=\/wp\/v2\/users\/1"}],"replies":[{"embeddable":true,"href":"https:\/\/www.radiointeractivo.com.mx\/index.php?rest_route=%2Fwp%2Fv2%2Fcomments&post=5094"}],"version-history":[{"count":1,"href":"https:\/\/www.radiointeractivo.com.mx\/index.php?rest_route=\/wp\/v2\/posts\/5094\/revisions"}],"predecessor-version":[{"id":5096,"href":"https:\/\/www.radiointeractivo.com.mx\/index.php?rest_route=\/wp\/v2\/posts\/5094\/revisions\/5096"}],"wp:featuredmedia":[{"embeddable":true,"href":"https:\/\/www.radiointeractivo.com.mx\/index.php?rest_route=\/wp\/v2\/media\/5095"}],"wp:attachment":[{"href":"https:\/\/www.radiointeractivo.com.mx\/index.php?rest_route=%2Fwp%2Fv2%2Fmedia&parent=5094"}],"wp:term":[{"taxonomy":"category","embeddable":true,"href":"https:\/\/www.radiointeractivo.com.mx\/index.php?rest_route=%2Fwp%2Fv2%2Fcategories&post=5094"},{"taxonomy":"post_tag","embeddable":true,"href":"https:\/\/www.radiointeractivo.com.mx\/index.php?rest_route=%2Fwp%2Fv2%2Ftags&post=5094"}],"curies":[{"name":"wp","href":"https:\/\/api.w.org\/{rel}","templated":true}]}}