{"id":5070,"date":"2023-12-13T15:25:50","date_gmt":"2023-12-13T21:25:50","guid":{"rendered":"https:\/\/www.radiointeractivo.com.mx\/?p=5070"},"modified":"2023-12-13T15:25:51","modified_gmt":"2023-12-13T21:25:51","slug":"sesiona-consejo-regional-para-el-desarrollo-economico-y-la-competitividad-region-laredo","status":"publish","type":"post","link":"https:\/\/www.radiointeractivo.com.mx\/?p=5070","title":{"rendered":"Sesiona Consejo Regional para el Desarrollo Econ\u00f3mico y la Competitividad Regi\u00f3n Laredo"},"content":{"rendered":"\n<figure class=\"wp-block-image size-full\"><img loading=\"lazy\" decoding=\"async\" width=\"867\" height=\"648\" src=\"https:\/\/www.radiointeractivo.com.mx\/wp-content\/uploads\/2023\/12\/WhatsApp-Image-2023-12-13-at-2.15.06-PM.jpeg\" alt=\"\" class=\"wp-image-5071\" srcset=\"https:\/\/www.radiointeractivo.com.mx\/wp-content\/uploads\/2023\/12\/WhatsApp-Image-2023-12-13-at-2.15.06-PM.jpeg 867w, https:\/\/www.radiointeractivo.com.mx\/wp-content\/uploads\/2023\/12\/WhatsApp-Image-2023-12-13-at-2.15.06-PM-300x224.jpeg 300w, https:\/\/www.radiointeractivo.com.mx\/wp-content\/uploads\/2023\/12\/WhatsApp-Image-2023-12-13-at-2.15.06-PM-768x574.jpeg 768w\" sizes=\"auto, (max-width: 867px) 100vw, 867px\" \/><\/figure>\n\n\n\n<p>-Acuerdan Consejeros impulsar propuestas y estrategias para fortalecer la actividad productiva industrial en la regi\u00f3n<\/p>\n\n\n\n<p>Diciembre 13 de 2023<\/p>\n\n\n\n<p>Nuevo Laredo, Tamaulipas- En cumplimiento a la normatividad establecida, la secretaria de Econom\u00eda, Ninfa Cant\u00fa De\u00e1ndar presidi\u00f3 la Segunda Sesi\u00f3n del Consejo Regional para el Desarrollo Econ\u00f3mico y la Competitividad de la Regi\u00f3n I Nuevo Laredo.<\/p>\n\n\n\n<p>Al encuentro asistieron los consejeros Edgar Orfelio Mart\u00ednez Quintanilla, presidente ejecutivo de este \u00f3rgano; Jos\u00e9 Ignacio Zaragoza Ambrosi, presidente de la Asociaci\u00f3n de Agentes Aduanales de Nuevo Laredo; Rodolfo Pe\u00f1a Casillas, presidente de la Asociaci\u00f3n de Maquiladoras de Exportaci\u00f3n de Nuevo Laredo, (INDEX Nvo. Laredo) y Carlos Fern\u00e1ndez Mart\u00ednez, presidente de la Asociaci\u00f3n de Transportistas de Carga de Nuevo Laredo.<\/p>\n\n\n\n<p>La secretaria Cant\u00fa De\u00e1ndar destac\u00f3 los resultados de la nueva era de coordinaci\u00f3n entre los diferentes \u00f3rdenes de gobierno para fortalecer la capacidad de Laredo para atraer inversi\u00f3n, retener talento e impulsar la actividad industrial.<\/p>\n\n\n\n<p>&#8220;El trabajo coordinado del gobernador Am\u00e9rico Villarreal con la presidenta Carmen Lilia y el apoyo del gobierno del presidente Andr\u00e9s Manuel L\u00f3pez Obrador son ejemplo de trabajo conjunto, de sinergias institucionales para hacer de esta regi\u00f3n, la m\u00e1s atractiva para la inversi\u00f3n y el desarrollo regional en un contexto mundial decisivo que es la coyuntura del Nearshoring&#8221;, indic\u00f3.<\/p>\n\n\n\n<p>Mencion\u00f3 el desarrollo de proyectos estrat\u00e9gicos como la instalaci\u00f3n de la Agencia Nacional de Aduanas, la ampliaci\u00f3n del Puente del Comercio Mundial, la modernizaci\u00f3n de la infraestructura Aduanera y la segunda l\u00ednea del Ferrocarril de Canadian Pacific Kansas City como obras que reflejan esta voluntad de trabajo en equipo.<\/p>\n\n\n\n<p>Como invitado especial, asisti\u00f3 a la sesi\u00f3n el rector de la Universidad Tecnol\u00f3gica de Nuevo Laredo, Jos\u00e9 Antonio Tovar Lara.<\/p>\n\n\n\n<p>Durante la sesi\u00f3n se analizaron diversas propuestas de los diferentes sectores productivos representados para dinamizar la actividad econ\u00f3mica de esta regi\u00f3n.<\/p>\n","protected":false},"excerpt":{"rendered":"<p>-Acuerdan Consejeros impulsar propuestas y estrategias para fortalecer la actividad productiva industrial en la regi\u00f3n Diciembre 13 de 2023 Nuevo Laredo, Tamaulipas- En cumplimiento a la normatividad establecida, la secretaria de Econom\u00eda, Ninfa Cant\u00fa De\u00e1ndar presidi\u00f3 la Segunda Sesi\u00f3n del Consejo Regional para el Desarrollo Econ\u00f3mico y la Competitividad de la Regi\u00f3n I Nuevo Laredo. &hellip;<\/p>\n","protected":false},"author":1,"featured_media":5071,"comment_status":"open","ping_status":"open","sticky":false,"template":"","format":"standard","meta":{"footnotes":""},"categories":[39],"tags":[],"class_list":["post-5070","post","type-post","status-publish","format-standard","has-post-thumbnail","","category-tamaulipas"],"_links":{"self":[{"href":"https:\/\/www.radiointeractivo.com.mx\/index.php?rest_route=\/wp\/v2\/posts\/5070","targetHints":{"allow":["GET"]}}],"collection":[{"href":"https:\/\/www.radiointeractivo.com.mx\/index.php?rest_route=\/wp\/v2\/posts"}],"about":[{"href":"https:\/\/www.radiointeractivo.com.mx\/index.php?rest_route=\/wp\/v2\/types\/post"}],"author":[{"embeddable":true,"href":"https:\/\/www.radiointeractivo.com.mx\/index.php?rest_route=\/wp\/v2\/users\/1"}],"replies":[{"embeddable":true,"href":"https:\/\/www.radiointeractivo.com.mx\/index.php?rest_route=%2Fwp%2Fv2%2Fcomments&post=5070"}],"version-history":[{"count":1,"href":"https:\/\/www.radiointeractivo.com.mx\/index.php?rest_route=\/wp\/v2\/posts\/5070\/revisions"}],"predecessor-version":[{"id":5072,"href":"https:\/\/www.radiointeractivo.com.mx\/index.php?rest_route=\/wp\/v2\/posts\/5070\/revisions\/5072"}],"wp:featuredmedia":[{"embeddable":true,"href":"https:\/\/www.radiointeractivo.com.mx\/index.php?rest_route=\/wp\/v2\/media\/5071"}],"wp:attachment":[{"href":"https:\/\/www.radiointeractivo.com.mx\/index.php?rest_route=%2Fwp%2Fv2%2Fmedia&parent=5070"}],"wp:term":[{"taxonomy":"category","embeddable":true,"href":"https:\/\/www.radiointeractivo.com.mx\/index.php?rest_route=%2Fwp%2Fv2%2Fcategories&post=5070"},{"taxonomy":"post_tag","embeddable":true,"href":"https:\/\/www.radiointeractivo.com.mx\/index.php?rest_route=%2Fwp%2Fv2%2Ftags&post=5070"}],"curies":[{"name":"wp","href":"https:\/\/api.w.org\/{rel}","templated":true}]}}