{"id":5043,"date":"2023-12-13T14:30:05","date_gmt":"2023-12-13T20:30:05","guid":{"rendered":"https:\/\/www.radiointeractivo.com.mx\/?p=5043"},"modified":"2023-12-13T14:30:06","modified_gmt":"2023-12-13T20:30:06","slug":"casa-de-la-tierra-una-decada-promoviendo-la-conciencia-ambiental","status":"publish","type":"post","link":"https:\/\/www.radiointeractivo.com.mx\/?p=5043","title":{"rendered":"Casa de la Tierra: una d\u00e9cada promoviendo la conciencia ambiental"},"content":{"rendered":"\n<figure class=\"wp-block-image size-large\"><img loading=\"lazy\" decoding=\"async\" width=\"1024\" height=\"667\" src=\"https:\/\/www.radiointeractivo.com.mx\/wp-content\/uploads\/2023\/12\/WhatsApp-Image-2023-12-12-at-3.09.51-PM-1024x667.jpeg\" alt=\"\" class=\"wp-image-5044\" srcset=\"https:\/\/www.radiointeractivo.com.mx\/wp-content\/uploads\/2023\/12\/WhatsApp-Image-2023-12-12-at-3.09.51-PM-1024x667.jpeg 1024w, https:\/\/www.radiointeractivo.com.mx\/wp-content\/uploads\/2023\/12\/WhatsApp-Image-2023-12-12-at-3.09.51-PM-300x195.jpeg 300w, https:\/\/www.radiointeractivo.com.mx\/wp-content\/uploads\/2023\/12\/WhatsApp-Image-2023-12-12-at-3.09.51-PM-768x500.jpeg 768w, https:\/\/www.radiointeractivo.com.mx\/wp-content\/uploads\/2023\/12\/WhatsApp-Image-2023-12-12-at-3.09.51-PM-1536x1000.jpeg 1536w, https:\/\/www.radiointeractivo.com.mx\/wp-content\/uploads\/2023\/12\/WhatsApp-Image-2023-12-12-at-3.09.51-PM.jpeg 1600w\" sizes=\"auto, (max-width: 1024px) 100vw, 1024px\" \/><\/figure>\n\n\n\n<p>-La Red Estatal de Centros de Educaci\u00f3n y Vigilancia Clim\u00e1tica Global en Tamaulipas ha sido visitada por m\u00e1s de 343 mil personas<\/p>\n\n\n\n<p>Por: Agencias<\/p>\n\n\n\n<p>Ciudad Victoria, Tamaulipas. &#8211; Consolid\u00e1ndose como un referente en la concientizaci\u00f3n sobre el cambio clim\u00e1tico y la adopci\u00f3n de tecnolog\u00edas de vanguardia para su difusi\u00f3n, la Casa de la Tierra celebr\u00f3 su d\u00e9cimo aniversario.<\/p>\n\n\n\n<p>Desde su apertura en 2013 en Victoria, en 2015 en Reynosa y en 2016 en Ciudad Madero, la Red Estatal de Centros de Educaci\u00f3n y Vigilancia Clim\u00e1tica Global en Tamaulipas han sido visitados por m\u00e1s de 343 mil personas interesadas en comprender las consecuencias que sufre el medio ambiente derivadas de las acciones del hombre.<\/p>\n\n\n\n<p>Con esta infraestructura, la Secretar\u00eda de Desarrollo Urbano y Medio Ambiente (SEDUMA), impulsa uno de los principales compromisos del gobernador, Am\u00e9rico Villarreal Anaya, la educaci\u00f3n ambiental, presentando tecnolog\u00eda de vanguardia para transmitir informaci\u00f3n relevante, principalmente a ni\u00f1os y j\u00f3venes estudiantes.<\/p>\n\n\n\n<p>La Casa de la Tierra, incorpora una esfera din\u00e1mica y animada que muestra datos terrestres y globales recopilados por la NOAA y la NASA, proporcionando a los visitantes una experiencia educativa \u00fanica.<\/p>\n\n\n\n<p>Entre las caracter\u00edsticas destacadas se encuentran simuladores interactivos individuales que permiten a los usuarios sumergirse en escenarios clim\u00e1ticos espec\u00edficos, promoviendo una comprensi\u00f3n m\u00e1s profunda de los desaf\u00edos medioambientales que se enfrentan.<\/p>\n\n\n\n<p>Los alumnos que visitan estos centros complementan su conocimiento adquirido en el aula mediante proyecciones de contenidos relacionados con fen\u00f3menos clim\u00e1ticos, sistemas planetarios, gases de efecto invernadero y actividad cicl\u00f3nica, entre otros.<\/p>\n","protected":false},"excerpt":{"rendered":"<p>-La Red Estatal de Centros de Educaci\u00f3n y Vigilancia Clim\u00e1tica Global en Tamaulipas ha sido visitada por m\u00e1s de 343 mil personas Por: Agencias Ciudad Victoria, Tamaulipas. &#8211; Consolid\u00e1ndose como un referente en la concientizaci\u00f3n sobre el cambio clim\u00e1tico y la adopci\u00f3n de tecnolog\u00edas de vanguardia para su difusi\u00f3n, la Casa de la Tierra celebr\u00f3 &hellip;<\/p>\n","protected":false},"author":1,"featured_media":5044,"comment_status":"open","ping_status":"open","sticky":false,"template":"","format":"standard","meta":{"footnotes":""},"categories":[39],"tags":[],"class_list":["post-5043","post","type-post","status-publish","format-standard","has-post-thumbnail","","category-tamaulipas"],"_links":{"self":[{"href":"https:\/\/www.radiointeractivo.com.mx\/index.php?rest_route=\/wp\/v2\/posts\/5043","targetHints":{"allow":["GET"]}}],"collection":[{"href":"https:\/\/www.radiointeractivo.com.mx\/index.php?rest_route=\/wp\/v2\/posts"}],"about":[{"href":"https:\/\/www.radiointeractivo.com.mx\/index.php?rest_route=\/wp\/v2\/types\/post"}],"author":[{"embeddable":true,"href":"https:\/\/www.radiointeractivo.com.mx\/index.php?rest_route=\/wp\/v2\/users\/1"}],"replies":[{"embeddable":true,"href":"https:\/\/www.radiointeractivo.com.mx\/index.php?rest_route=%2Fwp%2Fv2%2Fcomments&post=5043"}],"version-history":[{"count":1,"href":"https:\/\/www.radiointeractivo.com.mx\/index.php?rest_route=\/wp\/v2\/posts\/5043\/revisions"}],"predecessor-version":[{"id":5045,"href":"https:\/\/www.radiointeractivo.com.mx\/index.php?rest_route=\/wp\/v2\/posts\/5043\/revisions\/5045"}],"wp:featuredmedia":[{"embeddable":true,"href":"https:\/\/www.radiointeractivo.com.mx\/index.php?rest_route=\/wp\/v2\/media\/5044"}],"wp:attachment":[{"href":"https:\/\/www.radiointeractivo.com.mx\/index.php?rest_route=%2Fwp%2Fv2%2Fmedia&parent=5043"}],"wp:term":[{"taxonomy":"category","embeddable":true,"href":"https:\/\/www.radiointeractivo.com.mx\/index.php?rest_route=%2Fwp%2Fv2%2Fcategories&post=5043"},{"taxonomy":"post_tag","embeddable":true,"href":"https:\/\/www.radiointeractivo.com.mx\/index.php?rest_route=%2Fwp%2Fv2%2Ftags&post=5043"}],"curies":[{"name":"wp","href":"https:\/\/api.w.org\/{rel}","templated":true}]}}