{"id":5040,"date":"2023-12-13T14:29:24","date_gmt":"2023-12-13T20:29:24","guid":{"rendered":"https:\/\/www.radiointeractivo.com.mx\/?p=5040"},"modified":"2023-12-13T14:29:25","modified_gmt":"2023-12-13T20:29:25","slug":"destacan-tamaulipecos-en-expociencias-nacional-2023-en-sonora-obtienen-pase-a-certamenes-internacionales","status":"publish","type":"post","link":"https:\/\/www.radiointeractivo.com.mx\/?p=5040","title":{"rendered":"Destacan tamaulipecos en ExpoCiencias Nacional 2023 en Sonora, obtienen pase a cert\u00e1menes internacionales"},"content":{"rendered":"\n<figure class=\"wp-block-image size-large\"><img loading=\"lazy\" decoding=\"async\" width=\"1024\" height=\"768\" src=\"https:\/\/www.radiointeractivo.com.mx\/wp-content\/uploads\/2023\/12\/WhatsApp-Image-2023-12-12-at-3.00.48-PM-1024x768.jpeg\" alt=\"\" class=\"wp-image-5041\" srcset=\"https:\/\/www.radiointeractivo.com.mx\/wp-content\/uploads\/2023\/12\/WhatsApp-Image-2023-12-12-at-3.00.48-PM-1024x768.jpeg 1024w, https:\/\/www.radiointeractivo.com.mx\/wp-content\/uploads\/2023\/12\/WhatsApp-Image-2023-12-12-at-3.00.48-PM-300x225.jpeg 300w, https:\/\/www.radiointeractivo.com.mx\/wp-content\/uploads\/2023\/12\/WhatsApp-Image-2023-12-12-at-3.00.48-PM-768x576.jpeg 768w, https:\/\/www.radiointeractivo.com.mx\/wp-content\/uploads\/2023\/12\/WhatsApp-Image-2023-12-12-at-3.00.48-PM-1536x1152.jpeg 1536w, https:\/\/www.radiointeractivo.com.mx\/wp-content\/uploads\/2023\/12\/WhatsApp-Image-2023-12-12-at-3.00.48-PM.jpeg 1600w\" sizes=\"auto, (max-width: 1024px) 100vw, 1024px\" \/><\/figure>\n\n\n\n<p>Por: Agencias<\/p>\n\n\n\n<p>Ciudad Victoria, Tamaulipas.\u2013 Destacada participaci\u00f3n tuvieron alumnas y alumnos tamaulipecos de instituciones de educaci\u00f3n media superior y superior, durante la ExpoCiencias Nacional celebrada en la ciudad de Hermosillo, Sonora, del 5 al 8 de diciembre, donde varios de ellos obtuvieron su pase a cert\u00e1menes internacionales.<\/p>\n\n\n\n<p>Un total de 29 proyectos integraron la representaci\u00f3n tamaulipeca que compiti\u00f3 a nivel nacional, al haber obtenido su acreditaci\u00f3n al ganar los primeros lugares en el Certamen Estatal de Creatividad e Innovaci\u00f3n Tecnol\u00f3gica ExpoCiencias Tamaulipas 2023.<\/p>\n\n\n\n<p>Entre los proyectos tamaulipecos ganadores se encuentran: Disaap-Braile de la Universidad Tecnol\u00f3gica de Matamoros, presentado por el alumno Arturo Garc\u00eda G\u00f3mez, que obtuvo su pase a la Feria Juvenil Internacional de Proyectos Empresariales de Ciencia, Tecnolog\u00eda e Innovaci\u00f3n en Ecuador.<\/p>\n\n\n\n<p>Los alumnos Malac Villanueva y Jos\u00e9 Valdivia del Centro de Bachillerato Tecnol\u00f3gico Industrial y de Servicio N\u00b0 271 de Victoria, obtuvieron su acreditaci\u00f3n para la ExpoCiencias Asia 2024, que se celebrar\u00e1 en Indonesia, con el proyecto Control de riego en entornos sostenibles.<\/p>\n\n\n\n<p>A su vez, el proyecto Biomaterial Base de Hidroxiapatita reforzado con Nanopart\u00edculas de Titanio, de Dafne Porras y Sergio Henr\u00edquez, de la Universidad Polit\u00e9cnica de Victoria, logr\u00f3 su acreditaci\u00f3n para el ATAST I \u2013 FEST 2024, en T\u00fanez, y para la ExpoCiencias Occitaine Francia 2024.<\/p>\n\n\n\n<p>Otros proyectos tamaulipecos ganadores fueron: Autohidroterra: Cultivo vertical aut\u00f3nomo, de Jos\u00e9 De la Garza y Regina Maldonado, del Colegio de Bachilleres de Reynosa, quienes asistir\u00e1n al BUCAIMSEF Turqu\u00eda del pr\u00f3ximo a\u00f1o; y Multimilk de Karol Morales y Daniela Villeda, del Cbtis 15 de El Mante, que participar\u00e1n en la Genius Olumpiad el siguiente a\u00f1o.<\/p>\n\n\n\n<p>Adem\u00e1s el proyecto Software para la Identificaci\u00f3n del Estado Socioemocional (SOIESE), de F\u00e1tima Gonz\u00e1lez y Luis Loera, del Centro de Bachillerato Tecnol\u00f3gico Industrial y de Servicio N\u00b0 103 de Madero, obtuvo su acreditaci\u00f3n al Talent Land en Jalisco en los siguientes meses.<\/p>\n\n\n\n<p>Luc\u00eda Aim\u00e9 Castillo Pastor, secretaria de Educaci\u00f3n de Tamaulipas, felicit\u00f3 a las y los j\u00f3venes tamaulipecos por su sobresaliente participaci\u00f3n y enfatiz\u00f3 que son ejemplos para otros estudiantes. Adem\u00e1s destac\u00f3 que estos logros acad\u00e9micos son un reflejo del impulso que recibe la educaci\u00f3n media superior y superior en el \u00e1mbito de la ciencia y tecnolog\u00eda, en acuerdo a la pol\u00edtica educativa que impulsa el gobernador Am\u00e9rico Villarreal Anaya.<\/p>\n","protected":false},"excerpt":{"rendered":"<p>Por: Agencias Ciudad Victoria, Tamaulipas.\u2013 Destacada participaci\u00f3n tuvieron alumnas y alumnos tamaulipecos de instituciones de educaci\u00f3n media superior y superior, durante la ExpoCiencias Nacional celebrada en la ciudad de Hermosillo, Sonora, del 5 al 8 de diciembre, donde varios de ellos obtuvieron su pase a cert\u00e1menes internacionales. Un total de 29 proyectos integraron la representaci\u00f3n &hellip;<\/p>\n","protected":false},"author":1,"featured_media":5041,"comment_status":"open","ping_status":"open","sticky":false,"template":"","format":"standard","meta":{"footnotes":""},"categories":[39],"tags":[],"class_list":["post-5040","post","type-post","status-publish","format-standard","has-post-thumbnail","","category-tamaulipas"],"_links":{"self":[{"href":"https:\/\/www.radiointeractivo.com.mx\/index.php?rest_route=\/wp\/v2\/posts\/5040","targetHints":{"allow":["GET"]}}],"collection":[{"href":"https:\/\/www.radiointeractivo.com.mx\/index.php?rest_route=\/wp\/v2\/posts"}],"about":[{"href":"https:\/\/www.radiointeractivo.com.mx\/index.php?rest_route=\/wp\/v2\/types\/post"}],"author":[{"embeddable":true,"href":"https:\/\/www.radiointeractivo.com.mx\/index.php?rest_route=\/wp\/v2\/users\/1"}],"replies":[{"embeddable":true,"href":"https:\/\/www.radiointeractivo.com.mx\/index.php?rest_route=%2Fwp%2Fv2%2Fcomments&post=5040"}],"version-history":[{"count":1,"href":"https:\/\/www.radiointeractivo.com.mx\/index.php?rest_route=\/wp\/v2\/posts\/5040\/revisions"}],"predecessor-version":[{"id":5042,"href":"https:\/\/www.radiointeractivo.com.mx\/index.php?rest_route=\/wp\/v2\/posts\/5040\/revisions\/5042"}],"wp:featuredmedia":[{"embeddable":true,"href":"https:\/\/www.radiointeractivo.com.mx\/index.php?rest_route=\/wp\/v2\/media\/5041"}],"wp:attachment":[{"href":"https:\/\/www.radiointeractivo.com.mx\/index.php?rest_route=%2Fwp%2Fv2%2Fmedia&parent=5040"}],"wp:term":[{"taxonomy":"category","embeddable":true,"href":"https:\/\/www.radiointeractivo.com.mx\/index.php?rest_route=%2Fwp%2Fv2%2Fcategories&post=5040"},{"taxonomy":"post_tag","embeddable":true,"href":"https:\/\/www.radiointeractivo.com.mx\/index.php?rest_route=%2Fwp%2Fv2%2Ftags&post=5040"}],"curies":[{"name":"wp","href":"https:\/\/api.w.org\/{rel}","templated":true}]}}