{"id":5037,"date":"2023-12-13T14:28:28","date_gmt":"2023-12-13T20:28:28","guid":{"rendered":"https:\/\/www.radiointeractivo.com.mx\/?p=5037"},"modified":"2023-12-13T14:28:29","modified_gmt":"2023-12-13T20:28:29","slug":"injuve-tamaulipas-anuncia-evento-del-premio-estatal-de-la-juventud-2023","status":"publish","type":"post","link":"https:\/\/www.radiointeractivo.com.mx\/?p=5037","title":{"rendered":"Injuve Tamaulipas anuncia evento del Premio Estatal de la Juventud 2023"},"content":{"rendered":"\n<figure class=\"wp-block-image size-large\"><img loading=\"lazy\" decoding=\"async\" width=\"1024\" height=\"683\" src=\"https:\/\/www.radiointeractivo.com.mx\/wp-content\/uploads\/2023\/12\/WhatsApp-Image-2023-12-12-at-1.45.15-PM-1024x683.jpeg\" alt=\"\" class=\"wp-image-5038\" srcset=\"https:\/\/www.radiointeractivo.com.mx\/wp-content\/uploads\/2023\/12\/WhatsApp-Image-2023-12-12-at-1.45.15-PM-1024x683.jpeg 1024w, https:\/\/www.radiointeractivo.com.mx\/wp-content\/uploads\/2023\/12\/WhatsApp-Image-2023-12-12-at-1.45.15-PM-300x200.jpeg 300w, https:\/\/www.radiointeractivo.com.mx\/wp-content\/uploads\/2023\/12\/WhatsApp-Image-2023-12-12-at-1.45.15-PM-768x512.jpeg 768w, https:\/\/www.radiointeractivo.com.mx\/wp-content\/uploads\/2023\/12\/WhatsApp-Image-2023-12-12-at-1.45.15-PM.jpeg 1500w\" sizes=\"auto, (max-width: 1024px) 100vw, 1024px\" \/><\/figure>\n\n\n\n<p>-Con la participaci\u00f3n musical de Los Claxons, Caloncho y Technicolor Fabrics<\/p>\n\n\n\n<p>Por: Agencias <\/p>\n\n\n\n<p>Ciudad Victoria, Tamaulipas.- Veinte j\u00f3venes tamaulipecos ser\u00e1n reconocidos durante el evento del Premio Estatal de la Juventud 2023 que realiza el Gobierno del Estado que encabeza Am\u00e9rico Villarreal Anaya, a trav\u00e9s del Injuve Tamaulipas.<\/p>\n\n\n\n<p>En rueda de prensa, la directora general del Injuve Tamaulipas, Judith Katalyna M\u00e9ndez Cepeda, inform\u00f3 que este premio es el m\u00e1ximo galard\u00f3n que otorga el Gobierno de Tamaulipas a las y los j\u00f3venes de entre 12 y 29 a\u00f1os de edad, para reconocer sus aportaciones a la sociedad.<\/p>\n\n\n\n<p>Agreg\u00f3 que en esta edici\u00f3n se reconocer\u00e1 el trabajo y dedicaci\u00f3n de las juventudes en \u00e1reas como: Desarrollo Acad\u00e9mico, Cultura y Artes, G\u00e9nero y Diversidad, Apoyo al Campo y Desarrollo Rural, Cuidado del Medio Ambiente, Impulso al Emprendimiento, Talento Deportivo, Inclusi\u00f3n y Desarrollo de Personas con Discapacidad, Cultura Pol\u00edtica y Democracia Participativa, as\u00ed como Ciencia y Tecnolog\u00eda.<\/p>\n\n\n\n<p>Comparti\u00f3 que en ceremonia oficial, las y los galardonados recibir\u00e1n un merecido reconocimiento por ser una parte fundamental e indispensable en el desarrollo del estado, adem\u00e1s de un cheque por $50,000 pesos por cada primer lugar.<\/p>\n\n\n\n<p>Finalmente, invit\u00f3 a todos los j\u00f3venes a ser parte de este evento completamente gratuito, el cual se realizar\u00e1 en el Estadio Marte R. G\u00f3mez de Ciudad Victoria el pr\u00f3ximo s\u00e1bado 16 de diciembre en punto de las 18:00 horas, contando con la participaci\u00f3n de artistas nacionales como Los Claxons, Caloncho y Technicolor Fabrics.<\/p>\n","protected":false},"excerpt":{"rendered":"<p>-Con la participaci\u00f3n musical de Los Claxons, Caloncho y Technicolor Fabrics Por: Agencias Ciudad Victoria, Tamaulipas.- Veinte j\u00f3venes tamaulipecos ser\u00e1n reconocidos durante el evento del Premio Estatal de la Juventud 2023 que realiza el Gobierno del Estado que encabeza Am\u00e9rico Villarreal Anaya, a trav\u00e9s del Injuve Tamaulipas. En rueda de prensa, la directora general del &hellip;<\/p>\n","protected":false},"author":1,"featured_media":5038,"comment_status":"open","ping_status":"open","sticky":false,"template":"","format":"standard","meta":{"footnotes":""},"categories":[39],"tags":[],"class_list":["post-5037","post","type-post","status-publish","format-standard","has-post-thumbnail","","category-tamaulipas"],"_links":{"self":[{"href":"https:\/\/www.radiointeractivo.com.mx\/index.php?rest_route=\/wp\/v2\/posts\/5037","targetHints":{"allow":["GET"]}}],"collection":[{"href":"https:\/\/www.radiointeractivo.com.mx\/index.php?rest_route=\/wp\/v2\/posts"}],"about":[{"href":"https:\/\/www.radiointeractivo.com.mx\/index.php?rest_route=\/wp\/v2\/types\/post"}],"author":[{"embeddable":true,"href":"https:\/\/www.radiointeractivo.com.mx\/index.php?rest_route=\/wp\/v2\/users\/1"}],"replies":[{"embeddable":true,"href":"https:\/\/www.radiointeractivo.com.mx\/index.php?rest_route=%2Fwp%2Fv2%2Fcomments&post=5037"}],"version-history":[{"count":1,"href":"https:\/\/www.radiointeractivo.com.mx\/index.php?rest_route=\/wp\/v2\/posts\/5037\/revisions"}],"predecessor-version":[{"id":5039,"href":"https:\/\/www.radiointeractivo.com.mx\/index.php?rest_route=\/wp\/v2\/posts\/5037\/revisions\/5039"}],"wp:featuredmedia":[{"embeddable":true,"href":"https:\/\/www.radiointeractivo.com.mx\/index.php?rest_route=\/wp\/v2\/media\/5038"}],"wp:attachment":[{"href":"https:\/\/www.radiointeractivo.com.mx\/index.php?rest_route=%2Fwp%2Fv2%2Fmedia&parent=5037"}],"wp:term":[{"taxonomy":"category","embeddable":true,"href":"https:\/\/www.radiointeractivo.com.mx\/index.php?rest_route=%2Fwp%2Fv2%2Fcategories&post=5037"},{"taxonomy":"post_tag","embeddable":true,"href":"https:\/\/www.radiointeractivo.com.mx\/index.php?rest_route=%2Fwp%2Fv2%2Ftags&post=5037"}],"curies":[{"name":"wp","href":"https:\/\/api.w.org\/{rel}","templated":true}]}}