{"id":5033,"date":"2023-12-13T14:15:21","date_gmt":"2023-12-13T20:15:21","guid":{"rendered":"https:\/\/www.radiointeractivo.com.mx\/?p=5033"},"modified":"2023-12-13T14:15:25","modified_gmt":"2023-12-13T20:15:25","slug":"exhorta-gobierno-municipal-a-conscriptos-a-seguir-con-el-sellado-y-entrega-de-cartilla-militar","status":"publish","type":"post","link":"https:\/\/www.radiointeractivo.com.mx\/?p=5033","title":{"rendered":"EXHORTA GOBIERNO MUNICIPAL A CONSCRIPTOS A SEGUIR CON EL SELLADO Y ENTREGA DE CARTILLA MILITAR"},"content":{"rendered":"\n<figure class=\"wp-block-image size-large\"><img loading=\"lazy\" decoding=\"async\" width=\"1024\" height=\"682\" src=\"https:\/\/www.radiointeractivo.com.mx\/wp-content\/uploads\/2023\/12\/WhatsApp-Image-2023-12-13-at-12.19.57-PM-1024x682.jpeg\" alt=\"\" class=\"wp-image-5034\" srcset=\"https:\/\/www.radiointeractivo.com.mx\/wp-content\/uploads\/2023\/12\/WhatsApp-Image-2023-12-13-at-12.19.57-PM-1024x682.jpeg 1024w, https:\/\/www.radiointeractivo.com.mx\/wp-content\/uploads\/2023\/12\/WhatsApp-Image-2023-12-13-at-12.19.57-PM-300x200.jpeg 300w, https:\/\/www.radiointeractivo.com.mx\/wp-content\/uploads\/2023\/12\/WhatsApp-Image-2023-12-13-at-12.19.57-PM-768x512.jpeg 768w, https:\/\/www.radiointeractivo.com.mx\/wp-content\/uploads\/2023\/12\/WhatsApp-Image-2023-12-13-at-12.19.57-PM-310x205.jpeg 310w, https:\/\/www.radiointeractivo.com.mx\/wp-content\/uploads\/2023\/12\/WhatsApp-Image-2023-12-13-at-12.19.57-PM.jpeg 1280w\" sizes=\"auto, (max-width: 1024px) 100vw, 1024px\" \/><\/figure>\n\n\n\n<p>Por: Staff | #NuevoLaredo #Tamaulipas<\/p>\n\n\n\n<p>El Gobierno Municipal hace un atento llamado para los 927 conscriptos de la clase 2005 y remisos para que acudan al sellado de la Cartilla Militar.<\/p>\n\n\n\n<p>Los conscriptos deber\u00e1n acudir al Centro C\u00edvico con su documento y en caso de que el interesado no pueda acudir, podr\u00e1 hacerlo el pap\u00e1 o mam\u00e1.<\/p>\n\n\n\n<p>Los horarios de atenci\u00f3n hasta el 20 de diciembre, ser\u00e1 de lunes a viernes desde las 8:00 AM hasta las 3:00 PM.<\/p>\n\n\n\n<p>Durante el periodo vacacional que ser\u00e1 a partir del 21 de diciembre y hasta el 5 de enero, la atenci\u00f3n se dar\u00e1 de lunes a viernes con un horario de 10:00 hasta la 1:00 PM.<\/p>\n\n\n\n<p>Tambi\u00e9n se exhorta a los conscriptos de la clase 2004 y remisos a que acudan al Cuartel Militar ubicado en calle Dr. Mier y Reynaldo Garza para la entrega de las Cartillas Liberadas.<\/p>\n\n\n\n<p>Este tr\u00e1mite s\u00f3lo estar\u00e1 disponible durante cualquier s\u00e1bado o domingo de diciembre con un horario de 8:00 AM a 12:30 PM.<\/p>\n\n\n\n<p>Para efectuarlo, el conscripto deber\u00e1 presentar la hoja que se les facilit\u00f3 en el Cuartel Militar cuando dejaron la Cartilla para su liberaci\u00f3n, en caso de extrav\u00edo se debe traer la credencial del INE.<\/p>\n\n\n\n<p>Si la Cartilla liberada no es recogida en su debido tiempo, esta ser\u00e1 trasladada a Reynosa, donde tendr\u00e1n seis meses para recogerla, caso contrario se proceder\u00e1 a la destrucci\u00f3n e incineraci\u00f3n de la misma y se tendr\u00e1 que tramitar una reposici\u00f3n y liberaci\u00f3n de cartilla.<\/p>\n","protected":false},"excerpt":{"rendered":"<p>Por: Staff | #NuevoLaredo #Tamaulipas El Gobierno Municipal hace un atento llamado para los 927 conscriptos de la clase 2005 y remisos para que acudan al sellado de la Cartilla Militar. Los conscriptos deber\u00e1n acudir al Centro C\u00edvico con su documento y en caso de que el interesado no pueda acudir, podr\u00e1 hacerlo el pap\u00e1 &hellip;<\/p>\n","protected":false},"author":1,"featured_media":5034,"comment_status":"open","ping_status":"open","sticky":false,"template":"","format":"standard","meta":{"footnotes":""},"categories":[38],"tags":[],"class_list":["post-5033","post","type-post","status-publish","format-standard","has-post-thumbnail","","category-nuevo-laredo"],"_links":{"self":[{"href":"https:\/\/www.radiointeractivo.com.mx\/index.php?rest_route=\/wp\/v2\/posts\/5033","targetHints":{"allow":["GET"]}}],"collection":[{"href":"https:\/\/www.radiointeractivo.com.mx\/index.php?rest_route=\/wp\/v2\/posts"}],"about":[{"href":"https:\/\/www.radiointeractivo.com.mx\/index.php?rest_route=\/wp\/v2\/types\/post"}],"author":[{"embeddable":true,"href":"https:\/\/www.radiointeractivo.com.mx\/index.php?rest_route=\/wp\/v2\/users\/1"}],"replies":[{"embeddable":true,"href":"https:\/\/www.radiointeractivo.com.mx\/index.php?rest_route=%2Fwp%2Fv2%2Fcomments&post=5033"}],"version-history":[{"count":1,"href":"https:\/\/www.radiointeractivo.com.mx\/index.php?rest_route=\/wp\/v2\/posts\/5033\/revisions"}],"predecessor-version":[{"id":5035,"href":"https:\/\/www.radiointeractivo.com.mx\/index.php?rest_route=\/wp\/v2\/posts\/5033\/revisions\/5035"}],"wp:featuredmedia":[{"embeddable":true,"href":"https:\/\/www.radiointeractivo.com.mx\/index.php?rest_route=\/wp\/v2\/media\/5034"}],"wp:attachment":[{"href":"https:\/\/www.radiointeractivo.com.mx\/index.php?rest_route=%2Fwp%2Fv2%2Fmedia&parent=5033"}],"wp:term":[{"taxonomy":"category","embeddable":true,"href":"https:\/\/www.radiointeractivo.com.mx\/index.php?rest_route=%2Fwp%2Fv2%2Fcategories&post=5033"},{"taxonomy":"post_tag","embeddable":true,"href":"https:\/\/www.radiointeractivo.com.mx\/index.php?rest_route=%2Fwp%2Fv2%2Ftags&post=5033"}],"curies":[{"name":"wp","href":"https:\/\/api.w.org\/{rel}","templated":true}]}}