{"id":5030,"date":"2023-12-13T14:02:34","date_gmt":"2023-12-13T20:02:34","guid":{"rendered":"https:\/\/www.radiointeractivo.com.mx\/?p=5030"},"modified":"2023-12-13T14:26:48","modified_gmt":"2023-12-13T20:26:48","slug":"invita-gobierno-municipal-a-jornada-de-vacunacion-contra-el-covid-19-para-ninos","status":"publish","type":"post","link":"https:\/\/www.radiointeractivo.com.mx\/?p=5030","title":{"rendered":"INVITA GOBIERNO MUNICIPAL A JORNADA DE VACUNACI\u00d3N CONTRA EL COVID 19 PARA NI\u00d1OS"},"content":{"rendered":"\n<figure class=\"wp-block-image size-full\"><img loading=\"lazy\" decoding=\"async\" width=\"1000\" height=\"1000\" src=\"https:\/\/www.radiointeractivo.com.mx\/wp-content\/uploads\/2023\/12\/WhatsApp-Image-2023-12-13-at-11.56.42-AM.jpeg\" alt=\"\" class=\"wp-image-5031\" srcset=\"https:\/\/www.radiointeractivo.com.mx\/wp-content\/uploads\/2023\/12\/WhatsApp-Image-2023-12-13-at-11.56.42-AM.jpeg 1000w, https:\/\/www.radiointeractivo.com.mx\/wp-content\/uploads\/2023\/12\/WhatsApp-Image-2023-12-13-at-11.56.42-AM-300x300.jpeg 300w, https:\/\/www.radiointeractivo.com.mx\/wp-content\/uploads\/2023\/12\/WhatsApp-Image-2023-12-13-at-11.56.42-AM-150x150.jpeg 150w, https:\/\/www.radiointeractivo.com.mx\/wp-content\/uploads\/2023\/12\/WhatsApp-Image-2023-12-13-at-11.56.42-AM-768x768.jpeg 768w\" sizes=\"auto, (max-width: 1000px) 100vw, 1000px\" \/><\/figure>\n\n\n\n<p>Por: Staff | #NuevoLaredo #Tamaulipas<\/p>\n\n\n\n<p>La Direcci\u00f3n de Salud Municipal llevar\u00e1 a cabo este jueves 14 de diciembre la Jornada de Vacunaci\u00f3n Covid para ni\u00f1as y ni\u00f1os de entre seis meses de edad hasta los 11 a\u00f1os.<\/p>\n\n\n\n<p>La cita es a partir de las 10:00 AM y hasta la 1:00 PM en las instalaciones de Salud Municipal ubicadas en la esquina de Ju\u00e1rez y Maclovio Herrera en el Sector Centro.<\/p>\n\n\n\n<p>El requisito para la aplicaci\u00f3n de primera dosis es presentar una identificaci\u00f3n oficial del padre de familia y para segundas dosis o refuerzos solo deber\u00e1n presentar su esquema de vacunaci\u00f3n covid<\/p>\n","protected":false},"excerpt":{"rendered":"<p>Por: Staff | #NuevoLaredo #Tamaulipas La Direcci\u00f3n de Salud Municipal llevar\u00e1 a cabo este jueves 14 de diciembre la Jornada de Vacunaci\u00f3n Covid para ni\u00f1as y ni\u00f1os de entre seis meses de edad hasta los 11 a\u00f1os. La cita es a partir de las 10:00 AM y hasta la 1:00 PM en las instalaciones de &hellip;<\/p>\n","protected":false},"author":1,"featured_media":5031,"comment_status":"open","ping_status":"open","sticky":false,"template":"","format":"standard","meta":{"footnotes":""},"categories":[38],"tags":[],"class_list":["post-5030","post","type-post","status-publish","format-standard","has-post-thumbnail","","category-nuevo-laredo"],"_links":{"self":[{"href":"https:\/\/www.radiointeractivo.com.mx\/index.php?rest_route=\/wp\/v2\/posts\/5030","targetHints":{"allow":["GET"]}}],"collection":[{"href":"https:\/\/www.radiointeractivo.com.mx\/index.php?rest_route=\/wp\/v2\/posts"}],"about":[{"href":"https:\/\/www.radiointeractivo.com.mx\/index.php?rest_route=\/wp\/v2\/types\/post"}],"author":[{"embeddable":true,"href":"https:\/\/www.radiointeractivo.com.mx\/index.php?rest_route=\/wp\/v2\/users\/1"}],"replies":[{"embeddable":true,"href":"https:\/\/www.radiointeractivo.com.mx\/index.php?rest_route=%2Fwp%2Fv2%2Fcomments&post=5030"}],"version-history":[{"count":1,"href":"https:\/\/www.radiointeractivo.com.mx\/index.php?rest_route=\/wp\/v2\/posts\/5030\/revisions"}],"predecessor-version":[{"id":5032,"href":"https:\/\/www.radiointeractivo.com.mx\/index.php?rest_route=\/wp\/v2\/posts\/5030\/revisions\/5032"}],"wp:featuredmedia":[{"embeddable":true,"href":"https:\/\/www.radiointeractivo.com.mx\/index.php?rest_route=\/wp\/v2\/media\/5031"}],"wp:attachment":[{"href":"https:\/\/www.radiointeractivo.com.mx\/index.php?rest_route=%2Fwp%2Fv2%2Fmedia&parent=5030"}],"wp:term":[{"taxonomy":"category","embeddable":true,"href":"https:\/\/www.radiointeractivo.com.mx\/index.php?rest_route=%2Fwp%2Fv2%2Fcategories&post=5030"},{"taxonomy":"post_tag","embeddable":true,"href":"https:\/\/www.radiointeractivo.com.mx\/index.php?rest_route=%2Fwp%2Fv2%2Ftags&post=5030"}],"curies":[{"name":"wp","href":"https:\/\/api.w.org\/{rel}","templated":true}]}}