{"id":5019,"date":"2023-12-12T14:17:02","date_gmt":"2023-12-12T20:17:02","guid":{"rendered":"https:\/\/www.radiointeractivo.com.mx\/?p=5019"},"modified":"2023-12-12T14:17:03","modified_gmt":"2023-12-12T20:17:03","slug":"ciudadanos-encuentran-trabajo-a-traves-de-programas-municipales-de-generacion-de-empleo","status":"publish","type":"post","link":"https:\/\/www.radiointeractivo.com.mx\/?p=5019","title":{"rendered":"CIUDADANOS ENCUENTRAN TRABAJO A TRAV\u00c9S DE PROGRAMAS MUNICIPALES DE GENERACI\u00d3N DE EMPLEO"},"content":{"rendered":"\n<figure class=\"wp-block-image size-large\"><img loading=\"lazy\" decoding=\"async\" width=\"1024\" height=\"682\" src=\"https:\/\/www.radiointeractivo.com.mx\/wp-content\/uploads\/2023\/12\/WhatsApp-Image-2023-12-12-at-12.43.53-PM-1024x682.jpeg\" alt=\"\" class=\"wp-image-5020\" srcset=\"https:\/\/www.radiointeractivo.com.mx\/wp-content\/uploads\/2023\/12\/WhatsApp-Image-2023-12-12-at-12.43.53-PM-1024x682.jpeg 1024w, https:\/\/www.radiointeractivo.com.mx\/wp-content\/uploads\/2023\/12\/WhatsApp-Image-2023-12-12-at-12.43.53-PM-300x200.jpeg 300w, https:\/\/www.radiointeractivo.com.mx\/wp-content\/uploads\/2023\/12\/WhatsApp-Image-2023-12-12-at-12.43.53-PM-768x512.jpeg 768w, https:\/\/www.radiointeractivo.com.mx\/wp-content\/uploads\/2023\/12\/WhatsApp-Image-2023-12-12-at-12.43.53-PM-310x205.jpeg 310w, https:\/\/www.radiointeractivo.com.mx\/wp-content\/uploads\/2023\/12\/WhatsApp-Image-2023-12-12-at-12.43.53-PM.jpeg 1280w\" sizes=\"auto, (max-width: 1024px) 100vw, 1024px\" \/><\/figure>\n\n\n\n<p>Por: Staff | #NuevoLaredo #Tamaulipas<\/p>\n\n\n\n<p>Un total de 11 mil 850 ciudadanos que buscaron una opci\u00f3n laboral fueron vinculados con empresas de la ciudad de diferentes giros gracias a los programas municipales para impulsar el empleo.<\/p>\n\n\n\n<p>El secretario de Desarrollo Econ\u00f3mico, Juan \u00c1ngel Mart\u00ednez Salazar indic\u00f3 que Nuevo Laredo mantiene el ritmo de generaci\u00f3n de empleo lo que ha sido posible tambi\u00e9n a las nuevas inversiones de empresas y tiendas de autoservicio que han llegado a la ciudad.<\/p>\n\n\n\n<p>\u201cTuvimos un muy buen a\u00f1o con los programas de empleo, aqu\u00ed los \u00edndices de desempleo est\u00e1n muy bajos, hay mucha oportunidad y mucha oferta, Nuevo Laredo tuvo un gran a\u00f1o\u201d, indic\u00f3 Mart\u00ednez Salazar, titular de la secretar\u00eda.<\/p>\n\n\n\n<p>Inform\u00f3 que el 83 por ciento de las personas vinculadas ahora cuenta con un trabajo formal dentro de una empresa de autoservicio, agencia aduanal, empresas de transporte o negocios de comida r\u00e1pida.<\/p>\n\n\n\n<p>Durante el a\u00f1o se llevaron a cabo cuatro Ferias de Empleo en el Centro C\u00edvico, en la que participaron m\u00e1s de 150 empresas de diversos giros productivos logrando vincular a 4 mil 500 ciudadanos, propiciando una estrecha vinculaci\u00f3n con los sectores econ\u00f3micos, para generar y tener mejores empleos.<\/p>\n\n\n\n<p>Adem\u00e1s, se realizaron 56 ediciones de \u201cEmpleo en tu Colonia\u201d, con el que se visitaron diversas colonias y plazas del centro de la ciudad, en las que m\u00e1s de 100 empresas ofrecieron sus vacantes.<\/p>\n\n\n\n<p>Por parte de la Secretar\u00eda del Trabajo del Gobierno de Tamaulipas tambi\u00e9n se realizaron Ferias de Empleo en la ciudad con lo que se fortaleci\u00f3 la labor del municipio.<\/p>\n","protected":false},"excerpt":{"rendered":"<p>Por: Staff | #NuevoLaredo #Tamaulipas Un total de 11 mil 850 ciudadanos que buscaron una opci\u00f3n laboral fueron vinculados con empresas de la ciudad de diferentes giros gracias a los programas municipales para impulsar el empleo. El secretario de Desarrollo Econ\u00f3mico, Juan \u00c1ngel Mart\u00ednez Salazar indic\u00f3 que Nuevo Laredo mantiene el ritmo de generaci\u00f3n de &hellip;<\/p>\n","protected":false},"author":1,"featured_media":5020,"comment_status":"open","ping_status":"open","sticky":false,"template":"","format":"standard","meta":{"footnotes":""},"categories":[38],"tags":[],"class_list":["post-5019","post","type-post","status-publish","format-standard","has-post-thumbnail","","category-nuevo-laredo"],"_links":{"self":[{"href":"https:\/\/www.radiointeractivo.com.mx\/index.php?rest_route=\/wp\/v2\/posts\/5019","targetHints":{"allow":["GET"]}}],"collection":[{"href":"https:\/\/www.radiointeractivo.com.mx\/index.php?rest_route=\/wp\/v2\/posts"}],"about":[{"href":"https:\/\/www.radiointeractivo.com.mx\/index.php?rest_route=\/wp\/v2\/types\/post"}],"author":[{"embeddable":true,"href":"https:\/\/www.radiointeractivo.com.mx\/index.php?rest_route=\/wp\/v2\/users\/1"}],"replies":[{"embeddable":true,"href":"https:\/\/www.radiointeractivo.com.mx\/index.php?rest_route=%2Fwp%2Fv2%2Fcomments&post=5019"}],"version-history":[{"count":1,"href":"https:\/\/www.radiointeractivo.com.mx\/index.php?rest_route=\/wp\/v2\/posts\/5019\/revisions"}],"predecessor-version":[{"id":5021,"href":"https:\/\/www.radiointeractivo.com.mx\/index.php?rest_route=\/wp\/v2\/posts\/5019\/revisions\/5021"}],"wp:featuredmedia":[{"embeddable":true,"href":"https:\/\/www.radiointeractivo.com.mx\/index.php?rest_route=\/wp\/v2\/media\/5020"}],"wp:attachment":[{"href":"https:\/\/www.radiointeractivo.com.mx\/index.php?rest_route=%2Fwp%2Fv2%2Fmedia&parent=5019"}],"wp:term":[{"taxonomy":"category","embeddable":true,"href":"https:\/\/www.radiointeractivo.com.mx\/index.php?rest_route=%2Fwp%2Fv2%2Fcategories&post=5019"},{"taxonomy":"post_tag","embeddable":true,"href":"https:\/\/www.radiointeractivo.com.mx\/index.php?rest_route=%2Fwp%2Fv2%2Ftags&post=5019"}],"curies":[{"name":"wp","href":"https:\/\/api.w.org\/{rel}","templated":true}]}}