{"id":5007,"date":"2023-12-12T11:27:11","date_gmt":"2023-12-12T17:27:11","guid":{"rendered":"https:\/\/www.radiointeractivo.com.mx\/?p=5007"},"modified":"2023-12-12T11:27:12","modified_gmt":"2023-12-12T17:27:12","slug":"trabajaran-en-conjunto-la-secretaria-de-desarrollo-energetico-y-la-uat","status":"publish","type":"post","link":"https:\/\/www.radiointeractivo.com.mx\/?p=5007","title":{"rendered":"Trabajar\u00e1n en conjunto la Secretar\u00eda de Desarrollo Energ\u00e9tico y la UAT"},"content":{"rendered":"\n<figure class=\"wp-block-image size-large\"><img loading=\"lazy\" decoding=\"async\" width=\"1024\" height=\"560\" src=\"https:\/\/www.radiointeractivo.com.mx\/wp-content\/uploads\/2023\/12\/WhatsApp-Image-2023-12-11-at-9.43.28-PM-1024x560.jpeg\" alt=\"\" class=\"wp-image-5008\" srcset=\"https:\/\/www.radiointeractivo.com.mx\/wp-content\/uploads\/2023\/12\/WhatsApp-Image-2023-12-11-at-9.43.28-PM-1024x560.jpeg 1024w, https:\/\/www.radiointeractivo.com.mx\/wp-content\/uploads\/2023\/12\/WhatsApp-Image-2023-12-11-at-9.43.28-PM-300x164.jpeg 300w, https:\/\/www.radiointeractivo.com.mx\/wp-content\/uploads\/2023\/12\/WhatsApp-Image-2023-12-11-at-9.43.28-PM-768x420.jpeg 768w, https:\/\/www.radiointeractivo.com.mx\/wp-content\/uploads\/2023\/12\/WhatsApp-Image-2023-12-11-at-9.43.28-PM-1536x840.jpeg 1536w, https:\/\/www.radiointeractivo.com.mx\/wp-content\/uploads\/2023\/12\/WhatsApp-Image-2023-12-11-at-9.43.28-PM.jpeg 1600w\" sizes=\"auto, (max-width: 1024px) 100vw, 1024px\" \/><\/figure>\n\n\n\n<p>Diciembre 11 de 2023<\/p>\n\n\n\n<p>Tampico, Tamaulipas.- Con el objetivo de detonar el desarrollo acad\u00e9mico y energ\u00e9tico de la regi\u00f3n, el rector de la Universidad Aut\u00f3noma de Tamaulipas (UAT), D\u00e1maso Leonardo Anaya Alvarado, y el secretario de Desarrollo Energ\u00e9tico, Jos\u00e9 Ram\u00f3n Silva Arizavalo, se reunieron hoy para fortalecer la colaboraci\u00f3n entre la instituci\u00f3n educativa y el sector gubernamental.<\/p>\n\n\n\n<p>Durante la sesi\u00f3n, Silva Arizavalo comparti\u00f3 una detallada presentaci\u00f3n en la que expuso los proyectos estrat\u00e9gicos en los que se busca la participaci\u00f3n activa de la comunidad estudiantil de la UAT.<\/p>\n\n\n\n<p>Adem\u00e1s, estuvieron presentes Eduardo Arvizu S\u00e1nchez, secretario general de la UAT; Marco Antonio Batarse Contreras, secretario de Administraci\u00f3n; Lisbeth Am\u00e9rica Brandt Garc\u00eda, directora de la Facultad de Arquitectura, Dise\u00f1o y Urbanismo; Roberto Pichardo Ram\u00edrez, director de la Facultad de Ingenier\u00eda y Edgardo Jonathan Su\u00e1rez Dom\u00ednguez, reconocido investigador l\u00edder de la UAT, junto con representantes del CIDIPORT y el \u00e1rea de Servicios de la Facultad de Ingenier\u00eda Tampico.<\/p>\n\n\n\n<p>Este encuentro refuerza los lazos entre el Gobierno Estatal y la Universidad, consolidando una alianza estrat\u00e9gica que promete impulsar proyectos conjuntos, fomentar el trabajo colaborativo y estimular el desarrollo integral de la comunidad universitaria.<\/p>\n\n\n\n<p>Al concluir la reuni\u00f3n, Jos\u00e9 Ram\u00f3n Silva Arizavalo, reafirm\u00f3 que la Secretar\u00eda siempre ser\u00e1 un aliado para los estudiantes, destacando el compromiso compartido hacia el impulso de proyectos innovadores, la colaboraci\u00f3n continua y el desarrollo que motive e inspire a los estudiantes universitarios.<\/p>\n","protected":false},"excerpt":{"rendered":"<p>Diciembre 11 de 2023 Tampico, Tamaulipas.- Con el objetivo de detonar el desarrollo acad\u00e9mico y energ\u00e9tico de la regi\u00f3n, el rector de la Universidad Aut\u00f3noma de Tamaulipas (UAT), D\u00e1maso Leonardo Anaya Alvarado, y el secretario de Desarrollo Energ\u00e9tico, Jos\u00e9 Ram\u00f3n Silva Arizavalo, se reunieron hoy para fortalecer la colaboraci\u00f3n entre la instituci\u00f3n educativa y el &hellip;<\/p>\n","protected":false},"author":1,"featured_media":5008,"comment_status":"open","ping_status":"open","sticky":false,"template":"","format":"standard","meta":{"footnotes":""},"categories":[39],"tags":[],"class_list":["post-5007","post","type-post","status-publish","format-standard","has-post-thumbnail","","category-tamaulipas"],"_links":{"self":[{"href":"https:\/\/www.radiointeractivo.com.mx\/index.php?rest_route=\/wp\/v2\/posts\/5007","targetHints":{"allow":["GET"]}}],"collection":[{"href":"https:\/\/www.radiointeractivo.com.mx\/index.php?rest_route=\/wp\/v2\/posts"}],"about":[{"href":"https:\/\/www.radiointeractivo.com.mx\/index.php?rest_route=\/wp\/v2\/types\/post"}],"author":[{"embeddable":true,"href":"https:\/\/www.radiointeractivo.com.mx\/index.php?rest_route=\/wp\/v2\/users\/1"}],"replies":[{"embeddable":true,"href":"https:\/\/www.radiointeractivo.com.mx\/index.php?rest_route=%2Fwp%2Fv2%2Fcomments&post=5007"}],"version-history":[{"count":1,"href":"https:\/\/www.radiointeractivo.com.mx\/index.php?rest_route=\/wp\/v2\/posts\/5007\/revisions"}],"predecessor-version":[{"id":5009,"href":"https:\/\/www.radiointeractivo.com.mx\/index.php?rest_route=\/wp\/v2\/posts\/5007\/revisions\/5009"}],"wp:featuredmedia":[{"embeddable":true,"href":"https:\/\/www.radiointeractivo.com.mx\/index.php?rest_route=\/wp\/v2\/media\/5008"}],"wp:attachment":[{"href":"https:\/\/www.radiointeractivo.com.mx\/index.php?rest_route=%2Fwp%2Fv2%2Fmedia&parent=5007"}],"wp:term":[{"taxonomy":"category","embeddable":true,"href":"https:\/\/www.radiointeractivo.com.mx\/index.php?rest_route=%2Fwp%2Fv2%2Fcategories&post=5007"},{"taxonomy":"post_tag","embeddable":true,"href":"https:\/\/www.radiointeractivo.com.mx\/index.php?rest_route=%2Fwp%2Fv2%2Ftags&post=5007"}],"curies":[{"name":"wp","href":"https:\/\/api.w.org\/{rel}","templated":true}]}}