{"id":4985,"date":"2023-12-11T16:20:32","date_gmt":"2023-12-11T22:20:32","guid":{"rendered":"https:\/\/www.radiointeractivo.com.mx\/?p=4985"},"modified":"2023-12-11T16:20:33","modified_gmt":"2023-12-11T22:20:33","slug":"realiza-sebien-carrera-navidena-a-favor-del-cuidado-y-adopcion-responsable-de-mascotas","status":"publish","type":"post","link":"https:\/\/www.radiointeractivo.com.mx\/?p=4985","title":{"rendered":"Realiza SEBIEN, carrera navide\u00f1a a favor del cuidado y adopci\u00f3n responsable de mascotas"},"content":{"rendered":"\n<figure class=\"wp-block-image size-large\"><img loading=\"lazy\" decoding=\"async\" width=\"1024\" height=\"682\" src=\"https:\/\/www.radiointeractivo.com.mx\/wp-content\/uploads\/2023\/12\/WhatsApp-Image-2023-12-11-at-3.15.33-PM-1024x682.jpeg\" alt=\"\" class=\"wp-image-4986\" srcset=\"https:\/\/www.radiointeractivo.com.mx\/wp-content\/uploads\/2023\/12\/WhatsApp-Image-2023-12-11-at-3.15.33-PM-1024x682.jpeg 1024w, https:\/\/www.radiointeractivo.com.mx\/wp-content\/uploads\/2023\/12\/WhatsApp-Image-2023-12-11-at-3.15.33-PM-300x200.jpeg 300w, https:\/\/www.radiointeractivo.com.mx\/wp-content\/uploads\/2023\/12\/WhatsApp-Image-2023-12-11-at-3.15.33-PM-768x512.jpeg 768w, https:\/\/www.radiointeractivo.com.mx\/wp-content\/uploads\/2023\/12\/WhatsApp-Image-2023-12-11-at-3.15.33-PM-1536x1023.jpeg 1536w, https:\/\/www.radiointeractivo.com.mx\/wp-content\/uploads\/2023\/12\/WhatsApp-Image-2023-12-11-at-3.15.33-PM-310x205.jpeg 310w, https:\/\/www.radiointeractivo.com.mx\/wp-content\/uploads\/2023\/12\/WhatsApp-Image-2023-12-11-at-3.15.33-PM.jpeg 1600w\" sizes=\"auto, (max-width: 1024px) 100vw, 1024px\" \/><\/figure>\n\n\n\n<ul class=\"wp-block-list\">\n<li>Un compromiso colectivo por el bienestar animal y comunitario<\/li>\n<\/ul>\n\n\n\n<p>Por: Agencias<\/p>\n\n\n\n<p>Ciudad Victoria, Tamaulipas. &#8211; La Secretar\u00eda de Bienestar Social del Gobierno del Estado de Tamaulipas, en colaboraci\u00f3n con la Subsecretar\u00eda de Derechos Humanos y Articulaci\u00f3n Social, llev\u00f3 a cabo la \u201cCarrera Navide\u00f1a con Causa\u201d en el Parque de Bienestar Social \u201cLa Loma\u201d, en Ciudad Victoria.<\/p>\n\n\n\n<p>La carrera tuvo como objetivo principal, promover la adopci\u00f3n responsable de mascotas provenientes de refugios en Ciudad Victoria, subrayando la importancia de brindar hogar y amor a aquellos seres que m\u00e1s lo necesitan. Alrededor de 100 personas, incluyendo hombres, mujeres, j\u00f3venes y adultos mayores de la comunidad, se sumaron a esta noble iniciativa.<\/p>\n\n\n\n<p>El evento cont\u00f3 con el respaldo y colaboraci\u00f3n de empresas comprometidas con la causa, entre ellas Total Play, Forrajera San Carlos, Forrajera Los Caporales, Ciclismo Victoria, Volkswagen Valle Victoria, Cl\u00ednica Biorehb, quienes contribuyeron a hacer esta solidaria jornada, destacando el apoyo fundamental de la Jurisdicci\u00f3n Sanitaria No. 1 Victoria, quienes llevaron a cabo la aplicaci\u00f3n de la vacuna antirr\u00e1bica para las mascotas de los participantes.<\/p>\n\n\n\n<p>La \u201cCarrera Navide\u00f1a con Causa\u201d no solo fue un espacio para fomentar la responsabilidad social y la adopci\u00f3n, sino tambi\u00e9n una plataforma para canalizar donaciones en especie destinadas a los refugios participantes.<\/p>\n\n\n\n<p>La SEBIEN refuerza el compromiso del Gobierno del Estado, encabezado por Am\u00e9rico Villarreal Anaya, de impulsar acciones que fortalezcan la convivencia, la responsabilidad social y la promoci\u00f3n del respeto a los derechos de todos los seres vivos.<\/p>\n","protected":false},"excerpt":{"rendered":"<p>Un compromiso colectivo por el bienestar animal y comunitario Por: Agencias Ciudad Victoria, Tamaulipas. &#8211; La Secretar\u00eda de Bienestar Social del Gobierno del Estado de Tamaulipas, en colaboraci\u00f3n con la Subsecretar\u00eda de Derechos Humanos y Articulaci\u00f3n Social, llev\u00f3 a cabo la \u201cCarrera Navide\u00f1a con Causa\u201d en el Parque de Bienestar Social \u201cLa Loma\u201d, en Ciudad &hellip;<\/p>\n","protected":false},"author":1,"featured_media":4986,"comment_status":"open","ping_status":"open","sticky":false,"template":"","format":"standard","meta":{"footnotes":""},"categories":[39],"tags":[],"class_list":["post-4985","post","type-post","status-publish","format-standard","has-post-thumbnail","","category-tamaulipas"],"_links":{"self":[{"href":"https:\/\/www.radiointeractivo.com.mx\/index.php?rest_route=\/wp\/v2\/posts\/4985","targetHints":{"allow":["GET"]}}],"collection":[{"href":"https:\/\/www.radiointeractivo.com.mx\/index.php?rest_route=\/wp\/v2\/posts"}],"about":[{"href":"https:\/\/www.radiointeractivo.com.mx\/index.php?rest_route=\/wp\/v2\/types\/post"}],"author":[{"embeddable":true,"href":"https:\/\/www.radiointeractivo.com.mx\/index.php?rest_route=\/wp\/v2\/users\/1"}],"replies":[{"embeddable":true,"href":"https:\/\/www.radiointeractivo.com.mx\/index.php?rest_route=%2Fwp%2Fv2%2Fcomments&post=4985"}],"version-history":[{"count":1,"href":"https:\/\/www.radiointeractivo.com.mx\/index.php?rest_route=\/wp\/v2\/posts\/4985\/revisions"}],"predecessor-version":[{"id":4987,"href":"https:\/\/www.radiointeractivo.com.mx\/index.php?rest_route=\/wp\/v2\/posts\/4985\/revisions\/4987"}],"wp:featuredmedia":[{"embeddable":true,"href":"https:\/\/www.radiointeractivo.com.mx\/index.php?rest_route=\/wp\/v2\/media\/4986"}],"wp:attachment":[{"href":"https:\/\/www.radiointeractivo.com.mx\/index.php?rest_route=%2Fwp%2Fv2%2Fmedia&parent=4985"}],"wp:term":[{"taxonomy":"category","embeddable":true,"href":"https:\/\/www.radiointeractivo.com.mx\/index.php?rest_route=%2Fwp%2Fv2%2Fcategories&post=4985"},{"taxonomy":"post_tag","embeddable":true,"href":"https:\/\/www.radiointeractivo.com.mx\/index.php?rest_route=%2Fwp%2Fv2%2Ftags&post=4985"}],"curies":[{"name":"wp","href":"https:\/\/api.w.org\/{rel}","templated":true}]}}