{"id":4928,"date":"2023-12-10T12:22:30","date_gmt":"2023-12-10T18:22:30","guid":{"rendered":"https:\/\/www.radiointeractivo.com.mx\/?p=4928"},"modified":"2023-12-10T12:22:31","modified_gmt":"2023-12-10T18:22:31","slug":"conservacion-de-carretera-en-san-fernando-beneficiara-a-comunidad-pesquera-y-turismo","status":"publish","type":"post","link":"https:\/\/www.radiointeractivo.com.mx\/?p=4928","title":{"rendered":"Conservaci\u00f3n de carretera en San Fernando beneficiar\u00e1 a comunidad pesquera y turismo"},"content":{"rendered":"\n<figure class=\"wp-block-image size-large\"><img loading=\"lazy\" decoding=\"async\" width=\"1024\" height=\"683\" src=\"https:\/\/www.radiointeractivo.com.mx\/wp-content\/uploads\/2023\/12\/WhatsApp-Image-2023-12-08-at-6.46.10-PM-1024x683.jpeg\" alt=\"\" class=\"wp-image-4929\" srcset=\"https:\/\/www.radiointeractivo.com.mx\/wp-content\/uploads\/2023\/12\/WhatsApp-Image-2023-12-08-at-6.46.10-PM-1024x683.jpeg 1024w, https:\/\/www.radiointeractivo.com.mx\/wp-content\/uploads\/2023\/12\/WhatsApp-Image-2023-12-08-at-6.46.10-PM-300x200.jpeg 300w, https:\/\/www.radiointeractivo.com.mx\/wp-content\/uploads\/2023\/12\/WhatsApp-Image-2023-12-08-at-6.46.10-PM-768x512.jpeg 768w, https:\/\/www.radiointeractivo.com.mx\/wp-content\/uploads\/2023\/12\/WhatsApp-Image-2023-12-08-at-6.46.10-PM.jpeg 1500w\" sizes=\"auto, (max-width: 1024px) 100vw, 1024px\" \/><\/figure>\n\n\n\n<p>Por: Staff <\/p>\n\n\n\n<p>San Fernando, Tamaulipas. \u2013 Ante la creciente demanda de a v\u00edas de comunicaci\u00f3n en condiciones \u00f3ptimas para el traslado de las y los tamaulipecos, el Gobierno de Am\u00e9rico Villarreal Anaya a trav\u00e9s de la Secretar\u00eda de Obras P\u00fablicas (SOP) llev\u00f3 a cabo el arranque de obra de la conservaci\u00f3n y mantenimiento de la Carretera Estatal San Fernando \u2013 Punta de Piedra \u2013 Carboneras en el municipio de San Fernando.<\/p>\n\n\n\n<p>El titular de Obras P\u00fablicas, Pedro Cepeda Anaya acudi\u00f3 para dar el arranque de estos trabajos con la presencia de la titular de Bienestar Social, Ver\u00f3nica Aguirre de Los Santos quien asisti\u00f3 en representaci\u00f3n del gobernador del Estado, acompa\u00f1ados de funcionarios estatales y miembros de la ciudadan\u00eda del citado municipio.<\/p>\n\n\n\n<p>De acuerdo con la informaci\u00f3n que proporcion\u00f3 el funcionario estatal, esta acci\u00f3n contempla el mantenimiento y la conservaci\u00f3n de m\u00e1s de 73 kil\u00f3metros de la citada r\u00faa con una inversi\u00f3n de 32.5 millones de pesos, la cual destac\u00f3 vendr\u00e1 a beneficiar directamente a la comunidad pesquera, a los habitantes de San Fernando y al turismo.<\/p>\n\n\n\n<p>\u201cEl Gobierno del Estado lleg\u00f3 para transformar todos los rincones de Tamaulipas y en esta ocasi\u00f3n le toc\u00f3 a San Fernando y no es la \u00fanica obra que se va a hacer de este tipo, vamos a continuar durante el sexenio del doctor Am\u00e9rico Villarreal rehabilitando carreteras estatales y caminos rurales\u201d, mencion\u00f3.<\/p>\n\n\n\n<p>Inform\u00f3 que adem\u00e1s de esta rehabilitaci\u00f3n a la citada carretera, se invertir\u00e1n m\u00e1s de 150 millones de pesos en obra p\u00fablica en este 2023 destinada al municipio de San Fernando; destac\u00f3 que se est\u00e1 afinando el proyecto referente a la construcci\u00f3n del hospital que se va a construir en la cabecera municipal de esta poblaci\u00f3n.<\/p>\n","protected":false},"excerpt":{"rendered":"<p>Por: Staff San Fernando, Tamaulipas. \u2013 Ante la creciente demanda de a v\u00edas de comunicaci\u00f3n en condiciones \u00f3ptimas para el traslado de las y los tamaulipecos, el Gobierno de Am\u00e9rico Villarreal Anaya a trav\u00e9s de la Secretar\u00eda de Obras P\u00fablicas (SOP) llev\u00f3 a cabo el arranque de obra de la conservaci\u00f3n y mantenimiento de la &hellip;<\/p>\n","protected":false},"author":1,"featured_media":4929,"comment_status":"open","ping_status":"open","sticky":false,"template":"","format":"standard","meta":{"footnotes":""},"categories":[39],"tags":[],"class_list":["post-4928","post","type-post","status-publish","format-standard","has-post-thumbnail","","category-tamaulipas"],"_links":{"self":[{"href":"https:\/\/www.radiointeractivo.com.mx\/index.php?rest_route=\/wp\/v2\/posts\/4928","targetHints":{"allow":["GET"]}}],"collection":[{"href":"https:\/\/www.radiointeractivo.com.mx\/index.php?rest_route=\/wp\/v2\/posts"}],"about":[{"href":"https:\/\/www.radiointeractivo.com.mx\/index.php?rest_route=\/wp\/v2\/types\/post"}],"author":[{"embeddable":true,"href":"https:\/\/www.radiointeractivo.com.mx\/index.php?rest_route=\/wp\/v2\/users\/1"}],"replies":[{"embeddable":true,"href":"https:\/\/www.radiointeractivo.com.mx\/index.php?rest_route=%2Fwp%2Fv2%2Fcomments&post=4928"}],"version-history":[{"count":1,"href":"https:\/\/www.radiointeractivo.com.mx\/index.php?rest_route=\/wp\/v2\/posts\/4928\/revisions"}],"predecessor-version":[{"id":4930,"href":"https:\/\/www.radiointeractivo.com.mx\/index.php?rest_route=\/wp\/v2\/posts\/4928\/revisions\/4930"}],"wp:featuredmedia":[{"embeddable":true,"href":"https:\/\/www.radiointeractivo.com.mx\/index.php?rest_route=\/wp\/v2\/media\/4929"}],"wp:attachment":[{"href":"https:\/\/www.radiointeractivo.com.mx\/index.php?rest_route=%2Fwp%2Fv2%2Fmedia&parent=4928"}],"wp:term":[{"taxonomy":"category","embeddable":true,"href":"https:\/\/www.radiointeractivo.com.mx\/index.php?rest_route=%2Fwp%2Fv2%2Fcategories&post=4928"},{"taxonomy":"post_tag","embeddable":true,"href":"https:\/\/www.radiointeractivo.com.mx\/index.php?rest_route=%2Fwp%2Fv2%2Ftags&post=4928"}],"curies":[{"name":"wp","href":"https:\/\/api.w.org\/{rel}","templated":true}]}}