{"id":4896,"date":"2023-12-08T17:29:02","date_gmt":"2023-12-08T23:29:02","guid":{"rendered":"https:\/\/www.radiointeractivo.com.mx\/?p=4896"},"modified":"2023-12-08T17:29:04","modified_gmt":"2023-12-08T23:29:04","slug":"acuerdan-americo-y-grupo-azucarero-pantaleon-fortalecer-ingenio-el-mante","status":"publish","type":"post","link":"https:\/\/www.radiointeractivo.com.mx\/?p=4896","title":{"rendered":"Acuerdan Am\u00e9rico y grupo azucarero Pantaleon fortalecer Ingenio El Mante"},"content":{"rendered":"\n<figure class=\"wp-block-image size-large\"><img loading=\"lazy\" decoding=\"async\" width=\"1024\" height=\"682\" src=\"https:\/\/www.radiointeractivo.com.mx\/wp-content\/uploads\/2023\/12\/WhatsApp-Image-2023-12-08-at-5.26.48-PM-1024x682.jpeg\" alt=\"\" class=\"wp-image-4897\" srcset=\"https:\/\/www.radiointeractivo.com.mx\/wp-content\/uploads\/2023\/12\/WhatsApp-Image-2023-12-08-at-5.26.48-PM-1024x682.jpeg 1024w, https:\/\/www.radiointeractivo.com.mx\/wp-content\/uploads\/2023\/12\/WhatsApp-Image-2023-12-08-at-5.26.48-PM-300x200.jpeg 300w, https:\/\/www.radiointeractivo.com.mx\/wp-content\/uploads\/2023\/12\/WhatsApp-Image-2023-12-08-at-5.26.48-PM-768x512.jpeg 768w, https:\/\/www.radiointeractivo.com.mx\/wp-content\/uploads\/2023\/12\/WhatsApp-Image-2023-12-08-at-5.26.48-PM-1536x1023.jpeg 1536w, https:\/\/www.radiointeractivo.com.mx\/wp-content\/uploads\/2023\/12\/WhatsApp-Image-2023-12-08-at-5.26.48-PM-310x205.jpeg 310w, https:\/\/www.radiointeractivo.com.mx\/wp-content\/uploads\/2023\/12\/WhatsApp-Image-2023-12-08-at-5.26.48-PM.jpeg 1600w\" sizes=\"auto, (max-width: 1024px) 100vw, 1024px\" \/><\/figure>\n\n\n\n<p>Por: Agencias<\/p>\n\n\n\n<p>Ciudad Victoria, Tamaulipas. &#8211; El gobernador de Am\u00e9rico Villarreal Anaya y el grupo azucarero guatemalteco Pantale\u00f3n, acordonaron trabajar de forma conjunta para resolver las necesidades de agua y convertir al Ingenio El Mante en la empresa m\u00e1s moderna del pa\u00eds.<\/p>\n\n\n\n<p>Durante la reuni\u00f3n de trabajo realizada con el gobernador Am\u00e9rico Villarreal Anaya, el CEO del Grupo Pantaleon, Diego Herrera y directivos, expusieron los retos que tienen en materia de agua para la producci\u00f3n y tecnificaci\u00f3n de la ca\u00f1a para los pr\u00f3ximos a\u00f1os, y definieron rutas de colaboraci\u00f3n para fortalecer la elaboraci\u00f3n de az\u00facar.<\/p>\n\n\n\n<p>Actualmente, el Ingenio El Mante est\u00e1 ubicado entre las diez empresas azucareras m\u00e1s modernas de M\u00e9xico, \u201cy el reto es llegar a ser el n\u00famero uno; llegamos para quedarnos aqu\u00ed 100 a\u00f1os\u201d, dijo Herrera. Tambi\u00e9n se acord\u00f3 seguir trabajando para la reapertura del Ingenio de Xicot\u00e9ncatl.<\/p>\n\n\n\n<p>En la reuni\u00f3n participaron adem\u00e1s de los directivos del Grupo Pantaleon, Bernardo Chamorro, director general en M\u00e9xico; Jorge Pappa, gerente t\u00e9cnico de los ingenios azucareros en Tamaulipas y Veracruz; Luis Rend\u00f3n, asesor t\u00e9cnico en materia hidr\u00e1ulica; por parte del Gobierno de Tamaulipas, Ra\u00fal Quiroga, secretario de Recursos Hidr\u00e1ulicos para el Desarrollo Social; Jos\u00e9 Ram\u00f3n Silva, secretario de Energ\u00eda; Enrique Varela, secretario de Desarrollo Rural y Francisco Noriega, subsecretario de Econom\u00eda.<\/p>\n","protected":false},"excerpt":{"rendered":"<p>Por: Agencias Ciudad Victoria, Tamaulipas. &#8211; El gobernador de Am\u00e9rico Villarreal Anaya y el grupo azucarero guatemalteco Pantale\u00f3n, acordonaron trabajar de forma conjunta para resolver las necesidades de agua y convertir al Ingenio El Mante en la empresa m\u00e1s moderna del pa\u00eds. Durante la reuni\u00f3n de trabajo realizada con el gobernador Am\u00e9rico Villarreal Anaya, el &hellip;<\/p>\n","protected":false},"author":1,"featured_media":4897,"comment_status":"open","ping_status":"open","sticky":false,"template":"","format":"standard","meta":{"footnotes":""},"categories":[39],"tags":[],"class_list":["post-4896","post","type-post","status-publish","format-standard","has-post-thumbnail","","category-tamaulipas"],"_links":{"self":[{"href":"https:\/\/www.radiointeractivo.com.mx\/index.php?rest_route=\/wp\/v2\/posts\/4896","targetHints":{"allow":["GET"]}}],"collection":[{"href":"https:\/\/www.radiointeractivo.com.mx\/index.php?rest_route=\/wp\/v2\/posts"}],"about":[{"href":"https:\/\/www.radiointeractivo.com.mx\/index.php?rest_route=\/wp\/v2\/types\/post"}],"author":[{"embeddable":true,"href":"https:\/\/www.radiointeractivo.com.mx\/index.php?rest_route=\/wp\/v2\/users\/1"}],"replies":[{"embeddable":true,"href":"https:\/\/www.radiointeractivo.com.mx\/index.php?rest_route=%2Fwp%2Fv2%2Fcomments&post=4896"}],"version-history":[{"count":1,"href":"https:\/\/www.radiointeractivo.com.mx\/index.php?rest_route=\/wp\/v2\/posts\/4896\/revisions"}],"predecessor-version":[{"id":4898,"href":"https:\/\/www.radiointeractivo.com.mx\/index.php?rest_route=\/wp\/v2\/posts\/4896\/revisions\/4898"}],"wp:featuredmedia":[{"embeddable":true,"href":"https:\/\/www.radiointeractivo.com.mx\/index.php?rest_route=\/wp\/v2\/media\/4897"}],"wp:attachment":[{"href":"https:\/\/www.radiointeractivo.com.mx\/index.php?rest_route=%2Fwp%2Fv2%2Fmedia&parent=4896"}],"wp:term":[{"taxonomy":"category","embeddable":true,"href":"https:\/\/www.radiointeractivo.com.mx\/index.php?rest_route=%2Fwp%2Fv2%2Fcategories&post=4896"},{"taxonomy":"post_tag","embeddable":true,"href":"https:\/\/www.radiointeractivo.com.mx\/index.php?rest_route=%2Fwp%2Fv2%2Ftags&post=4896"}],"curies":[{"name":"wp","href":"https:\/\/api.w.org\/{rel}","templated":true}]}}