{"id":4887,"date":"2023-12-08T16:58:12","date_gmt":"2023-12-08T22:58:12","guid":{"rendered":"https:\/\/www.radiointeractivo.com.mx\/?p=4887"},"modified":"2023-12-08T16:58:13","modified_gmt":"2023-12-08T22:58:13","slug":"avanza-autorizacion-de-proyectos-para-equipamiento-de-escuelas-de-tamaulipas","status":"publish","type":"post","link":"https:\/\/www.radiointeractivo.com.mx\/?p=4887","title":{"rendered":"Avanza autorizaci\u00f3n de proyectos para equipamiento de escuelas de Tamaulipas"},"content":{"rendered":"\n<figure class=\"wp-block-image size-full\"><img loading=\"lazy\" decoding=\"async\" width=\"867\" height=\"1024\" src=\"https:\/\/www.radiointeractivo.com.mx\/wp-content\/uploads\/2023\/12\/WhatsApp-Image-2023-12-08-at-12.52.11-PM.jpeg\" alt=\"\" class=\"wp-image-4888\" srcset=\"https:\/\/www.radiointeractivo.com.mx\/wp-content\/uploads\/2023\/12\/WhatsApp-Image-2023-12-08-at-12.52.11-PM.jpeg 867w, https:\/\/www.radiointeractivo.com.mx\/wp-content\/uploads\/2023\/12\/WhatsApp-Image-2023-12-08-at-12.52.11-PM-254x300.jpeg 254w, https:\/\/www.radiointeractivo.com.mx\/wp-content\/uploads\/2023\/12\/WhatsApp-Image-2023-12-08-at-12.52.11-PM-768x907.jpeg 768w\" sizes=\"auto, (max-width: 867px) 100vw, 867px\" \/><\/figure>\n\n\n\n<p>Por: Agencias<\/p>\n\n\n\n<p>Ciudad Victoria, Tamaulipas.- El Instituto Tamaulipeco de Infraestructura F\u00edsica y Educativa (ITIFE), en coordinaci\u00f3n con el Instituto Nacional de la Infraestructura F\u00edsica Educativa (INIFED) y la Secretar\u00eda de Educaci\u00f3n de Tamaulipas, avanzan en la autorizaci\u00f3n de 388 proyectos en igual n\u00famero de escuelas, para dotarlos de mobiliario y equipo, con una inversi\u00f3n total de m\u00e1s de 29 millones de pesos.<\/p>\n\n\n\n<p>Fue el director general del Instituto Tamaulipeco de Infraestructura F\u00edsica y Educativa (ITIFE), Sergio Castillo Sagastegui, quien sostuvo una reuni\u00f3n de trabajo con el titular del \u00e1rea de Recursos Materiales de la Secretar\u00eda de Educaci\u00f3n en Tamaulipas, Gustavo Uribe Doria.<\/p>\n\n\n\n<p>En esta reuni\u00f3n se abordaron temas de inter\u00e9s sobre diversos programas de equipamiento en beneficio de las escuelas del estado; acompa\u00f1\u00f3 tambi\u00e9n el secretario t\u00e9cnico del instituto, Alejandro Robledo Ram\u00edrez.<\/p>\n\n\n\n<p>En los pr\u00f3ximos d\u00edas, se iniciar\u00e1 con el proceso de licitaci\u00f3n y adjudicaci\u00f3n del contrato, a quienes presenten las mejores condiciones de precio y calidad, para que en los primeros meses del pr\u00f3ximo a\u00f1o, se lleve a cabo la entrega de los bienes a las instituciones educativas beneficiadas.<\/p>\n\n\n\n<p>Con acciones como esta, el gobernador Am\u00e9rico Villarreal Anaya, reafirma su compromiso con la educaci\u00f3n, transformando los espacios educativos en lugares propicios para el aprendizaje de los ni\u00f1os y j\u00f3venes tamaulipecos.<\/p>\n","protected":false},"excerpt":{"rendered":"<p>Por: Agencias Ciudad Victoria, Tamaulipas.- El Instituto Tamaulipeco de Infraestructura F\u00edsica y Educativa (ITIFE), en coordinaci\u00f3n con el Instituto Nacional de la Infraestructura F\u00edsica Educativa (INIFED) y la Secretar\u00eda de Educaci\u00f3n de Tamaulipas, avanzan en la autorizaci\u00f3n de 388 proyectos en igual n\u00famero de escuelas, para dotarlos de mobiliario y equipo, con una inversi\u00f3n total &hellip;<\/p>\n","protected":false},"author":1,"featured_media":4888,"comment_status":"open","ping_status":"open","sticky":false,"template":"","format":"standard","meta":{"footnotes":""},"categories":[39],"tags":[],"class_list":["post-4887","post","type-post","status-publish","format-standard","has-post-thumbnail","","category-tamaulipas"],"_links":{"self":[{"href":"https:\/\/www.radiointeractivo.com.mx\/index.php?rest_route=\/wp\/v2\/posts\/4887","targetHints":{"allow":["GET"]}}],"collection":[{"href":"https:\/\/www.radiointeractivo.com.mx\/index.php?rest_route=\/wp\/v2\/posts"}],"about":[{"href":"https:\/\/www.radiointeractivo.com.mx\/index.php?rest_route=\/wp\/v2\/types\/post"}],"author":[{"embeddable":true,"href":"https:\/\/www.radiointeractivo.com.mx\/index.php?rest_route=\/wp\/v2\/users\/1"}],"replies":[{"embeddable":true,"href":"https:\/\/www.radiointeractivo.com.mx\/index.php?rest_route=%2Fwp%2Fv2%2Fcomments&post=4887"}],"version-history":[{"count":1,"href":"https:\/\/www.radiointeractivo.com.mx\/index.php?rest_route=\/wp\/v2\/posts\/4887\/revisions"}],"predecessor-version":[{"id":4889,"href":"https:\/\/www.radiointeractivo.com.mx\/index.php?rest_route=\/wp\/v2\/posts\/4887\/revisions\/4889"}],"wp:featuredmedia":[{"embeddable":true,"href":"https:\/\/www.radiointeractivo.com.mx\/index.php?rest_route=\/wp\/v2\/media\/4888"}],"wp:attachment":[{"href":"https:\/\/www.radiointeractivo.com.mx\/index.php?rest_route=%2Fwp%2Fv2%2Fmedia&parent=4887"}],"wp:term":[{"taxonomy":"category","embeddable":true,"href":"https:\/\/www.radiointeractivo.com.mx\/index.php?rest_route=%2Fwp%2Fv2%2Fcategories&post=4887"},{"taxonomy":"post_tag","embeddable":true,"href":"https:\/\/www.radiointeractivo.com.mx\/index.php?rest_route=%2Fwp%2Fv2%2Ftags&post=4887"}],"curies":[{"name":"wp","href":"https:\/\/api.w.org\/{rel}","templated":true}]}}