{"id":4874,"date":"2023-12-08T12:11:11","date_gmt":"2023-12-08T18:11:11","guid":{"rendered":"https:\/\/www.radiointeractivo.com.mx\/?p=4874"},"modified":"2023-12-08T12:11:12","modified_gmt":"2023-12-08T18:11:12","slug":"entrega-alcaldesa-nataly-garcia-diaz-un-camion-recolector-de-basura","status":"publish","type":"post","link":"https:\/\/www.radiointeractivo.com.mx\/?p=4874","title":{"rendered":"ENTREGA ALCALDESA NATALY GARCIA DIAZ UN CAMION RECOLECTOR DE BASURA"},"content":{"rendered":"\n<figure class=\"wp-block-image size-large\"><img loading=\"lazy\" decoding=\"async\" width=\"1024\" height=\"682\" src=\"https:\/\/www.radiointeractivo.com.mx\/wp-content\/uploads\/2023\/12\/WhatsApp-Image-2023-12-08-at-11.18.24-AM-1024x682.jpeg\" alt=\"\" class=\"wp-image-4875\" srcset=\"https:\/\/www.radiointeractivo.com.mx\/wp-content\/uploads\/2023\/12\/WhatsApp-Image-2023-12-08-at-11.18.24-AM-1024x682.jpeg 1024w, https:\/\/www.radiointeractivo.com.mx\/wp-content\/uploads\/2023\/12\/WhatsApp-Image-2023-12-08-at-11.18.24-AM-300x200.jpeg 300w, https:\/\/www.radiointeractivo.com.mx\/wp-content\/uploads\/2023\/12\/WhatsApp-Image-2023-12-08-at-11.18.24-AM-768x512.jpeg 768w, https:\/\/www.radiointeractivo.com.mx\/wp-content\/uploads\/2023\/12\/WhatsApp-Image-2023-12-08-at-11.18.24-AM-1536x1023.jpeg 1536w, https:\/\/www.radiointeractivo.com.mx\/wp-content\/uploads\/2023\/12\/WhatsApp-Image-2023-12-08-at-11.18.24-AM-310x205.jpeg 310w, https:\/\/www.radiointeractivo.com.mx\/wp-content\/uploads\/2023\/12\/WhatsApp-Image-2023-12-08-at-11.18.24-AM.jpeg 1600w\" sizes=\"auto, (max-width: 1024px) 100vw, 1024px\" \/><\/figure>\n\n\n\n<p>Por: Staff | #DiazOrdaz #Tamaulipas<\/p>\n\n\n\n<p>Gustavo D\u00edaz Ordaz, Tam.- En el marco de la ceremonia de honores a los s\u00edmbolos patrios de los lunes, la Alcaldesa Nataly Garc\u00eda D\u00edaz entreg\u00f3 a la Direcci\u00f3n de Obras P\u00fablicas al \u201cMu\u00f1eco\u201d, un cami\u00f3n recolector de basura, el cual se suma a la cuadrilla para abatir el problema de recolecci\u00f3n de residuos que demandaba la ciudadan\u00eda.<\/p>\n\n\n\n<p>La Alcaldesa Nataly Garc\u00eda D\u00edaz, reiter\u00f3 el compromiso de aplicar de manera honesta el presupuesto del municipio para seguir logrando cosas buenas y seguir transformando al municipio m\u00e1s joven de Tamaulipas.<\/p>\n\n\n\n<p>La recomendaci\u00f3n a la ciudadan\u00eda es que colaboren con las autoridades colocando la basura en su lugar y manteniendo limpios el frente de sus negocios o viviendas por un municipio limpio y saludable.<\/p>\n","protected":false},"excerpt":{"rendered":"<p>Por: Staff | #DiazOrdaz #Tamaulipas Gustavo D\u00edaz Ordaz, Tam.- En el marco de la ceremonia de honores a los s\u00edmbolos patrios de los lunes, la Alcaldesa Nataly Garc\u00eda D\u00edaz entreg\u00f3 a la Direcci\u00f3n de Obras P\u00fablicas al \u201cMu\u00f1eco\u201d, un cami\u00f3n recolector de basura, el cual se suma a la cuadrilla para abatir el problema de &hellip;<\/p>\n","protected":false},"author":1,"featured_media":4875,"comment_status":"open","ping_status":"open","sticky":false,"template":"","format":"standard","meta":{"footnotes":""},"categories":[39],"tags":[],"class_list":["post-4874","post","type-post","status-publish","format-standard","has-post-thumbnail","","category-tamaulipas"],"_links":{"self":[{"href":"https:\/\/www.radiointeractivo.com.mx\/index.php?rest_route=\/wp\/v2\/posts\/4874","targetHints":{"allow":["GET"]}}],"collection":[{"href":"https:\/\/www.radiointeractivo.com.mx\/index.php?rest_route=\/wp\/v2\/posts"}],"about":[{"href":"https:\/\/www.radiointeractivo.com.mx\/index.php?rest_route=\/wp\/v2\/types\/post"}],"author":[{"embeddable":true,"href":"https:\/\/www.radiointeractivo.com.mx\/index.php?rest_route=\/wp\/v2\/users\/1"}],"replies":[{"embeddable":true,"href":"https:\/\/www.radiointeractivo.com.mx\/index.php?rest_route=%2Fwp%2Fv2%2Fcomments&post=4874"}],"version-history":[{"count":1,"href":"https:\/\/www.radiointeractivo.com.mx\/index.php?rest_route=\/wp\/v2\/posts\/4874\/revisions"}],"predecessor-version":[{"id":4876,"href":"https:\/\/www.radiointeractivo.com.mx\/index.php?rest_route=\/wp\/v2\/posts\/4874\/revisions\/4876"}],"wp:featuredmedia":[{"embeddable":true,"href":"https:\/\/www.radiointeractivo.com.mx\/index.php?rest_route=\/wp\/v2\/media\/4875"}],"wp:attachment":[{"href":"https:\/\/www.radiointeractivo.com.mx\/index.php?rest_route=%2Fwp%2Fv2%2Fmedia&parent=4874"}],"wp:term":[{"taxonomy":"category","embeddable":true,"href":"https:\/\/www.radiointeractivo.com.mx\/index.php?rest_route=%2Fwp%2Fv2%2Fcategories&post=4874"},{"taxonomy":"post_tag","embeddable":true,"href":"https:\/\/www.radiointeractivo.com.mx\/index.php?rest_route=%2Fwp%2Fv2%2Ftags&post=4874"}],"curies":[{"name":"wp","href":"https:\/\/api.w.org\/{rel}","templated":true}]}}