{"id":4871,"date":"2023-12-08T12:06:36","date_gmt":"2023-12-08T18:06:36","guid":{"rendered":"https:\/\/www.radiointeractivo.com.mx\/?p=4871"},"modified":"2023-12-08T12:06:37","modified_gmt":"2023-12-08T18:06:37","slug":"inicia-gobierno-2021-2024-historico-programa-de-reforestacion-en-diaz-ordaz","status":"publish","type":"post","link":"https:\/\/www.radiointeractivo.com.mx\/?p=4871","title":{"rendered":"INICIA GOBIERNO 2021-2024 HISTORICO PROGRAMA DE REFORESTACION EN D\u00cdAZ ORDAZ"},"content":{"rendered":"\n<figure class=\"wp-block-image size-large\"><img loading=\"lazy\" decoding=\"async\" width=\"1024\" height=\"682\" src=\"https:\/\/www.radiointeractivo.com.mx\/wp-content\/uploads\/2023\/12\/WhatsApp-Image-2023-12-08-at-11.17.02-AM-1024x682.jpeg\" alt=\"\" class=\"wp-image-4872\" srcset=\"https:\/\/www.radiointeractivo.com.mx\/wp-content\/uploads\/2023\/12\/WhatsApp-Image-2023-12-08-at-11.17.02-AM-1024x682.jpeg 1024w, https:\/\/www.radiointeractivo.com.mx\/wp-content\/uploads\/2023\/12\/WhatsApp-Image-2023-12-08-at-11.17.02-AM-300x200.jpeg 300w, https:\/\/www.radiointeractivo.com.mx\/wp-content\/uploads\/2023\/12\/WhatsApp-Image-2023-12-08-at-11.17.02-AM-768x512.jpeg 768w, https:\/\/www.radiointeractivo.com.mx\/wp-content\/uploads\/2023\/12\/WhatsApp-Image-2023-12-08-at-11.17.02-AM-1536x1023.jpeg 1536w, https:\/\/www.radiointeractivo.com.mx\/wp-content\/uploads\/2023\/12\/WhatsApp-Image-2023-12-08-at-11.17.02-AM-310x205.jpeg 310w, https:\/\/www.radiointeractivo.com.mx\/wp-content\/uploads\/2023\/12\/WhatsApp-Image-2023-12-08-at-11.17.02-AM.jpeg 1600w\" sizes=\"auto, (max-width: 1024px) 100vw, 1024px\" \/><\/figure>\n\n\n\n<p>Por: Staff | #DiazOrdaz #Tamaulipas<\/p>\n\n\n\n<p>Gustavo D\u00edaz Ordaz, Tam.- Un hist\u00f3rico programa de reforestaci\u00f3n puso en marcha la Alcaldesa Nataly Garc\u00eda D\u00edaz, iniciando en la colonia industrial con la entrega de 42 arbolitos a igual n\u00famero de vecinos en la casa de la Sra. Norma Alicia Hernandez Rodr\u00edguez.<\/p>\n\n\n\n<p>Este programa de reforestaci\u00f3n sin precedente, llevar\u00e1 a la siembra de 10 mil arbolitos en todos los sectores del municipio a trav\u00e9s de la Direcci\u00f3n de Ecolog\u00eda, con la intenci\u00f3n de ampliar las \u00e1reas verdes y adem\u00e1s sembrar los \u00e1rboles en los patios de las viviendas para un entorno m\u00e1s limpio, saludable y ecol\u00f3gico.<\/p>\n\n\n\n<p>Las variedades de \u00e1rboles entregadas en el inicio del programa de reforestaci\u00f3n, son encinos, palmas y guam\u00fachil, nativos de esta regi\u00f3n, haciendo un llamado a quienes los reciben para que los cuiden y procuren mantenerlos en buen estado.<\/p>\n","protected":false},"excerpt":{"rendered":"<p>Por: Staff | #DiazOrdaz #Tamaulipas Gustavo D\u00edaz Ordaz, Tam.- Un hist\u00f3rico programa de reforestaci\u00f3n puso en marcha la Alcaldesa Nataly Garc\u00eda D\u00edaz, iniciando en la colonia industrial con la entrega de 42 arbolitos a igual n\u00famero de vecinos en la casa de la Sra. Norma Alicia Hernandez Rodr\u00edguez. Este programa de reforestaci\u00f3n sin precedente, llevar\u00e1 &hellip;<\/p>\n","protected":false},"author":1,"featured_media":4872,"comment_status":"open","ping_status":"open","sticky":false,"template":"","format":"standard","meta":{"footnotes":""},"categories":[39],"tags":[],"class_list":["post-4871","post","type-post","status-publish","format-standard","has-post-thumbnail","","category-tamaulipas"],"_links":{"self":[{"href":"https:\/\/www.radiointeractivo.com.mx\/index.php?rest_route=\/wp\/v2\/posts\/4871","targetHints":{"allow":["GET"]}}],"collection":[{"href":"https:\/\/www.radiointeractivo.com.mx\/index.php?rest_route=\/wp\/v2\/posts"}],"about":[{"href":"https:\/\/www.radiointeractivo.com.mx\/index.php?rest_route=\/wp\/v2\/types\/post"}],"author":[{"embeddable":true,"href":"https:\/\/www.radiointeractivo.com.mx\/index.php?rest_route=\/wp\/v2\/users\/1"}],"replies":[{"embeddable":true,"href":"https:\/\/www.radiointeractivo.com.mx\/index.php?rest_route=%2Fwp%2Fv2%2Fcomments&post=4871"}],"version-history":[{"count":1,"href":"https:\/\/www.radiointeractivo.com.mx\/index.php?rest_route=\/wp\/v2\/posts\/4871\/revisions"}],"predecessor-version":[{"id":4873,"href":"https:\/\/www.radiointeractivo.com.mx\/index.php?rest_route=\/wp\/v2\/posts\/4871\/revisions\/4873"}],"wp:featuredmedia":[{"embeddable":true,"href":"https:\/\/www.radiointeractivo.com.mx\/index.php?rest_route=\/wp\/v2\/media\/4872"}],"wp:attachment":[{"href":"https:\/\/www.radiointeractivo.com.mx\/index.php?rest_route=%2Fwp%2Fv2%2Fmedia&parent=4871"}],"wp:term":[{"taxonomy":"category","embeddable":true,"href":"https:\/\/www.radiointeractivo.com.mx\/index.php?rest_route=%2Fwp%2Fv2%2Fcategories&post=4871"},{"taxonomy":"post_tag","embeddable":true,"href":"https:\/\/www.radiointeractivo.com.mx\/index.php?rest_route=%2Fwp%2Fv2%2Ftags&post=4871"}],"curies":[{"name":"wp","href":"https:\/\/api.w.org\/{rel}","templated":true}]}}