{"id":4772,"date":"2023-12-05T17:29:53","date_gmt":"2023-12-05T23:29:53","guid":{"rendered":"https:\/\/www.radiointeractivo.com.mx\/?p=4772"},"modified":"2023-12-05T17:29:53","modified_gmt":"2023-12-05T23:29:53","slug":"promueve-sebien-cuidado-y-adopcion-responsable-de-mascotas","status":"publish","type":"post","link":"https:\/\/www.radiointeractivo.com.mx\/?p=4772","title":{"rendered":"Promueve SEBIEN cuidado y adopci\u00f3n responsable de mascotas"},"content":{"rendered":"\n<figure class=\"wp-block-image size-large\"><img loading=\"lazy\" decoding=\"async\" width=\"819\" height=\"1024\" src=\"https:\/\/www.radiointeractivo.com.mx\/wp-content\/uploads\/2023\/12\/WhatsApp-Image-2023-12-05-at-3.34.58-PM-819x1024.jpeg\" alt=\"\" class=\"wp-image-4773\" srcset=\"https:\/\/www.radiointeractivo.com.mx\/wp-content\/uploads\/2023\/12\/WhatsApp-Image-2023-12-05-at-3.34.58-PM-819x1024.jpeg 819w, https:\/\/www.radiointeractivo.com.mx\/wp-content\/uploads\/2023\/12\/WhatsApp-Image-2023-12-05-at-3.34.58-PM-240x300.jpeg 240w, https:\/\/www.radiointeractivo.com.mx\/wp-content\/uploads\/2023\/12\/WhatsApp-Image-2023-12-05-at-3.34.58-PM-768x960.jpeg 768w, https:\/\/www.radiointeractivo.com.mx\/wp-content\/uploads\/2023\/12\/WhatsApp-Image-2023-12-05-at-3.34.58-PM-1229x1536.jpeg 1229w, https:\/\/www.radiointeractivo.com.mx\/wp-content\/uploads\/2023\/12\/WhatsApp-Image-2023-12-05-at-3.34.58-PM.jpeg 1280w\" sizes=\"auto, (max-width: 819px) 100vw, 819px\" \/><\/figure>\n\n\n\n<ul class=\"wp-block-list\">\n<li>Sociedad y gobierno participar\u00e1n en la \u201cCarrera Navide\u00f1a con Causa\u201d y brindar\u00e1n un hogar a los animales en situaci\u00f3n de vulnerabilidad y abandono<\/li>\n<\/ul>\n\n\n\n<p>Por: Agencias<\/p>\n\n\n\n<p>Ciudad Victoria, Tamaulipas.- En el marco de la temporada navide\u00f1a, la Secretar\u00eda de Bienestar Social, en colaboraci\u00f3n con la Subsecretar\u00eda de Derechos Humanos y Articulaci\u00f3n Social del Gobierno del Estado de Tamaulipas, llevar\u00e1 a cabo la &#8220;Carrera Navide\u00f1a con Causa&#8221; en el Parque de Bienestar Social &#8220;La Loma&#8221;.<\/p>\n\n\n\n<p>La iniciativa se desarrollar\u00e1 el pr\u00f3ximo 9 de diciembre en dicho espacio de encuentro y esparcimiento, pretendiendo contar con la participaci\u00f3n de alrededor de 100 personas, entre hombres, mujeres, j\u00f3venes y adultos mayores de la comunidad.<\/p>\n\n\n\n<p>&#8220;La Carrera Navide\u00f1a con Causa&#8221;, tiene como objetivo principal promover la adopci\u00f3n responsable de animales en situaci\u00f3n de abandono, provenientes de refugios en Ciudad Victoria.<\/p>\n\n\n\n<p>Este evento no solo buscar\u00e1 fomentar el ejercicio f\u00edsico y la convivencia, sino tambi\u00e9n concientizar\u00e1 sobre la importancia de brindar hogar y amor a aquellos seres que necesitan una segunda oportunidad.<\/p>\n\n\n\n<p>El Parque de Bienestar Social &#8220;La Loma&#8221; permitir\u00e1 crear un ambiente festivo y solidario, donde los participantes no solo disfrutar\u00e1n de la actividad f\u00edsica, sino que tambi\u00e9n se sensibilizar\u00e1n sobre la relevancia de cuidar y proteger a los animales.<\/p>\n\n\n\n<p>As\u00ed mismo se recibir\u00e1n donaciones en especie que ser\u00e1n destinadas a los refugios participantes, consolidando as\u00ed la respuesta positiva de la comunidad.<\/p>\n\n\n\n<p>El evento contar\u00e1 con patrocinadores y colaboradores como la Jurisdicci\u00f3n Sanitaria No. 1, y las Organizaciones KN Proyect, Gatuario, Refugio La Gloria, Forrajera San Carlos, Distribuidor Purina, Biorehb, Total Play y Volkswagen Valle Victoria que a trav\u00e9s de la entrega de premios para los primeros lugares, contribuir\u00e1n a construir una sociedad m\u00e1s solidaria y comprometida con el bienestar de los animales en situaci\u00f3n de vulnerabilidad.<\/p>\n\n\n\n<p>Estas actividades humanistas refuerzan el compromiso del Gobierno del Estado encabezado por Am\u00e9rico Villarreal Anaya de impulsar acciones que fortalezcan la convivencia, la responsabilidad social y la promoci\u00f3n del respeto a los derechos de todos los seres vivos.<\/p>\n","protected":false},"excerpt":{"rendered":"<p>Sociedad y gobierno participar\u00e1n en la \u201cCarrera Navide\u00f1a con Causa\u201d y brindar\u00e1n un hogar a los animales en situaci\u00f3n de vulnerabilidad y abandono Por: Agencias Ciudad Victoria, Tamaulipas.- En el marco de la temporada navide\u00f1a, la Secretar\u00eda de Bienestar Social, en colaboraci\u00f3n con la Subsecretar\u00eda de Derechos Humanos y Articulaci\u00f3n Social del Gobierno del Estado &hellip;<\/p>\n","protected":false},"author":1,"featured_media":4773,"comment_status":"open","ping_status":"open","sticky":false,"template":"","format":"standard","meta":{"footnotes":""},"categories":[39],"tags":[],"class_list":["post-4772","post","type-post","status-publish","format-standard","has-post-thumbnail","","category-tamaulipas"],"_links":{"self":[{"href":"https:\/\/www.radiointeractivo.com.mx\/index.php?rest_route=\/wp\/v2\/posts\/4772","targetHints":{"allow":["GET"]}}],"collection":[{"href":"https:\/\/www.radiointeractivo.com.mx\/index.php?rest_route=\/wp\/v2\/posts"}],"about":[{"href":"https:\/\/www.radiointeractivo.com.mx\/index.php?rest_route=\/wp\/v2\/types\/post"}],"author":[{"embeddable":true,"href":"https:\/\/www.radiointeractivo.com.mx\/index.php?rest_route=\/wp\/v2\/users\/1"}],"replies":[{"embeddable":true,"href":"https:\/\/www.radiointeractivo.com.mx\/index.php?rest_route=%2Fwp%2Fv2%2Fcomments&post=4772"}],"version-history":[{"count":1,"href":"https:\/\/www.radiointeractivo.com.mx\/index.php?rest_route=\/wp\/v2\/posts\/4772\/revisions"}],"predecessor-version":[{"id":4774,"href":"https:\/\/www.radiointeractivo.com.mx\/index.php?rest_route=\/wp\/v2\/posts\/4772\/revisions\/4774"}],"wp:featuredmedia":[{"embeddable":true,"href":"https:\/\/www.radiointeractivo.com.mx\/index.php?rest_route=\/wp\/v2\/media\/4773"}],"wp:attachment":[{"href":"https:\/\/www.radiointeractivo.com.mx\/index.php?rest_route=%2Fwp%2Fv2%2Fmedia&parent=4772"}],"wp:term":[{"taxonomy":"category","embeddable":true,"href":"https:\/\/www.radiointeractivo.com.mx\/index.php?rest_route=%2Fwp%2Fv2%2Fcategories&post=4772"},{"taxonomy":"post_tag","embeddable":true,"href":"https:\/\/www.radiointeractivo.com.mx\/index.php?rest_route=%2Fwp%2Fv2%2Ftags&post=4772"}],"curies":[{"name":"wp","href":"https:\/\/api.w.org\/{rel}","templated":true}]}}