{"id":4769,"date":"2023-12-05T17:28:35","date_gmt":"2023-12-05T23:28:35","guid":{"rendered":"https:\/\/www.radiointeractivo.com.mx\/?p=4769"},"modified":"2023-12-05T17:28:36","modified_gmt":"2023-12-05T23:28:36","slug":"aterrizara-el-trineo-navideno-en-el-parque-recreativo-tamatan","status":"publish","type":"post","link":"https:\/\/www.radiointeractivo.com.mx\/?p=4769","title":{"rendered":"Aterrizar\u00e1 el trineo navide\u00f1o en el Parque Recreativo Tamat\u00e1n"},"content":{"rendered":"\n<figure class=\"wp-block-image size-large\"><img loading=\"lazy\" decoding=\"async\" width=\"1024\" height=\"682\" src=\"https:\/\/www.radiointeractivo.com.mx\/wp-content\/uploads\/2023\/12\/WhatsApp-Image-2023-12-05-at-3.37.16-PM-1024x682.jpeg\" alt=\"\" class=\"wp-image-4770\" srcset=\"https:\/\/www.radiointeractivo.com.mx\/wp-content\/uploads\/2023\/12\/WhatsApp-Image-2023-12-05-at-3.37.16-PM-1024x682.jpeg 1024w, https:\/\/www.radiointeractivo.com.mx\/wp-content\/uploads\/2023\/12\/WhatsApp-Image-2023-12-05-at-3.37.16-PM-300x200.jpeg 300w, https:\/\/www.radiointeractivo.com.mx\/wp-content\/uploads\/2023\/12\/WhatsApp-Image-2023-12-05-at-3.37.16-PM-768x512.jpeg 768w, https:\/\/www.radiointeractivo.com.mx\/wp-content\/uploads\/2023\/12\/WhatsApp-Image-2023-12-05-at-3.37.16-PM-1536x1023.jpeg 1536w, https:\/\/www.radiointeractivo.com.mx\/wp-content\/uploads\/2023\/12\/WhatsApp-Image-2023-12-05-at-3.37.16-PM-310x205.jpeg 310w, https:\/\/www.radiointeractivo.com.mx\/wp-content\/uploads\/2023\/12\/WhatsApp-Image-2023-12-05-at-3.37.16-PM.jpeg 1600w\" sizes=\"auto, (max-width: 1024px) 100vw, 1024px\" \/><\/figure>\n\n\n\n<p>-La Comisi\u00f3n de Parques y Biodiversidad de Tamaulipas (CPBT), inaugura \u201cNavidad en Tamat\u00e1n\u201d<\/p>\n\n\n\n<p>Por: Agencias<\/p>\n\n\n\n<p>Ciudad Victoria, Tamaulipas.-La Comisi\u00f3n de Parques ya tiene lista una nueva aventura, ahora en el Parque Recreativo Tamat\u00e1n donde se vivir\u00e1 \u201c Navidad en Tamat\u00e1n\u201d, a partir de este 8 de diciembre y durante todo el mes, donde la entrada ser\u00e1 sin costo alguno para las familias asistentes.<\/p>\n\n\n\n<p>Eduardo Rocha Orozco, vocal de la Comisi\u00f3n destac\u00f3 que \u201cBuu en el Zoo\u201d tuvo una gran afluencia en el Zool\u00f3gico Tamat\u00e1n, donde cientos de personas, familias enteras acudieron a disfrutar el espect\u00e1culo.<\/p>\n\n\n\n<p>Por lo que ahora, ya est\u00e1 lista \u201cNavidad en Tamat\u00e1n\u201d en el Parque Recreativo, con toda esa alegr\u00eda, colorido, solidaridad que trae acompa\u00f1ada la temporada navide\u00f1a.<\/p>\n\n\n\n<p>Una \u00e9poca donde el esp\u00edritu de la bondad, paz y amor est\u00e1 presente, los villancicos se dejan escuchar, y la magia de la navidad transforma todo a su paso, afirm\u00f3.<\/p>\n\n\n\n<p>Ser\u00e1 un mundo de sorpresas, regalos y todo lo que trae consigo el esp\u00edritu navide\u00f1o que estar\u00e1 presente en el parque, contagiando a las familias asistentes a este recinto que tiene bajo su resguardo la Comisi\u00f3n de Parques y Biodiversidad de Tamaulipas en Ciudad Victoria.<\/p>\n\n\n\n<p>Refiri\u00f3 que con estas estrategias se fortalecen los lazos familiares, la unidad familiar, ya que es una de las \u00e9pocas m\u00e1s esperadas por las ni\u00f1as y ni\u00f1os y no tan ni\u00f1os, \u201cesperamos que las familias vengan a convivir, divertirse y tomarse fotos y que vivan la Navidad en el Parque Recreativo Tamat\u00e1n\u201d.<\/p>\n","protected":false},"excerpt":{"rendered":"<p>-La Comisi\u00f3n de Parques y Biodiversidad de Tamaulipas (CPBT), inaugura \u201cNavidad en Tamat\u00e1n\u201d Por: Agencias Ciudad Victoria, Tamaulipas.-La Comisi\u00f3n de Parques ya tiene lista una nueva aventura, ahora en el Parque Recreativo Tamat\u00e1n donde se vivir\u00e1 \u201c Navidad en Tamat\u00e1n\u201d, a partir de este 8 de diciembre y durante todo el mes, donde la entrada &hellip;<\/p>\n","protected":false},"author":1,"featured_media":4770,"comment_status":"open","ping_status":"open","sticky":false,"template":"","format":"standard","meta":{"footnotes":""},"categories":[39],"tags":[],"class_list":["post-4769","post","type-post","status-publish","format-standard","has-post-thumbnail","","category-tamaulipas"],"_links":{"self":[{"href":"https:\/\/www.radiointeractivo.com.mx\/index.php?rest_route=\/wp\/v2\/posts\/4769","targetHints":{"allow":["GET"]}}],"collection":[{"href":"https:\/\/www.radiointeractivo.com.mx\/index.php?rest_route=\/wp\/v2\/posts"}],"about":[{"href":"https:\/\/www.radiointeractivo.com.mx\/index.php?rest_route=\/wp\/v2\/types\/post"}],"author":[{"embeddable":true,"href":"https:\/\/www.radiointeractivo.com.mx\/index.php?rest_route=\/wp\/v2\/users\/1"}],"replies":[{"embeddable":true,"href":"https:\/\/www.radiointeractivo.com.mx\/index.php?rest_route=%2Fwp%2Fv2%2Fcomments&post=4769"}],"version-history":[{"count":1,"href":"https:\/\/www.radiointeractivo.com.mx\/index.php?rest_route=\/wp\/v2\/posts\/4769\/revisions"}],"predecessor-version":[{"id":4771,"href":"https:\/\/www.radiointeractivo.com.mx\/index.php?rest_route=\/wp\/v2\/posts\/4769\/revisions\/4771"}],"wp:featuredmedia":[{"embeddable":true,"href":"https:\/\/www.radiointeractivo.com.mx\/index.php?rest_route=\/wp\/v2\/media\/4770"}],"wp:attachment":[{"href":"https:\/\/www.radiointeractivo.com.mx\/index.php?rest_route=%2Fwp%2Fv2%2Fmedia&parent=4769"}],"wp:term":[{"taxonomy":"category","embeddable":true,"href":"https:\/\/www.radiointeractivo.com.mx\/index.php?rest_route=%2Fwp%2Fv2%2Fcategories&post=4769"},{"taxonomy":"post_tag","embeddable":true,"href":"https:\/\/www.radiointeractivo.com.mx\/index.php?rest_route=%2Fwp%2Fv2%2Ftags&post=4769"}],"curies":[{"name":"wp","href":"https:\/\/api.w.org\/{rel}","templated":true}]}}