{"id":4741,"date":"2023-12-05T10:44:40","date_gmt":"2023-12-05T16:44:40","guid":{"rendered":"https:\/\/www.radiointeractivo.com.mx\/?p=4741"},"modified":"2023-12-05T10:44:41","modified_gmt":"2023-12-05T16:44:41","slug":"madres-buscan-desaparecidos-en-el-sur-de-tamaulipas","status":"publish","type":"post","link":"https:\/\/www.radiointeractivo.com.mx\/?p=4741","title":{"rendered":"Madres buscan desaparecidos en el sur de Tamaulipas"},"content":{"rendered":"\n<figure class=\"wp-block-image size-full\"><img loading=\"lazy\" decoding=\"async\" width=\"679\" height=\"382\" src=\"https:\/\/www.radiointeractivo.com.mx\/wp-content\/uploads\/2023\/12\/KGLXKAtE.jpg\" alt=\"\" class=\"wp-image-4742\" srcset=\"https:\/\/www.radiointeractivo.com.mx\/wp-content\/uploads\/2023\/12\/KGLXKAtE.jpg 679w, https:\/\/www.radiointeractivo.com.mx\/wp-content\/uploads\/2023\/12\/KGLXKAtE-300x169.jpg 300w\" sizes=\"auto, (max-width: 679px) 100vw, 679px\" \/><\/figure>\n\n\n\n<p>Por: Agencias<\/p>\n\n\n\n<p>Elementos del Ej\u00e9rcito Mexicano, la Guardia Estatal y la Fiscal\u00eda General de Justicia de Tamaulipas, protegieron a los padres de v\u00edctimas de desaparici\u00f3n forzada que este lunes comenzaron con una jornada de b\u00fasqueda por los municipios del estado.<\/p>\n\n\n\n<p>Bajo la protecci\u00f3n de los elementos federales y estatales, comenzaron con la pega de carteles en los postes de Tampico, Ciudad Madero y Altamira. Principalmente en las plazas de mayor concurrencia y tambi\u00e9n visitaron los ayuntamientos.<\/p>\n\n\n\n<p>Jorge Ernesto Mac\u00edas Espinoza, comisionado de B\u00fasqueda de Personas Desaparecidas en Tamaulipas, manifest\u00f3 que se han sumado nueve colectivos a estas jornadas. Mismos, que buscan a 400 personas en toda la entidad, de las cuales, no se sabe nada.<\/p>\n\n\n\n<p>Son padres, hijos, hermanos, t\u00edos, abuelos, que un d\u00eda salieron de casa al trabajo, escuela o alguna otra actividad cotidiana y ya nunca m\u00e1s regresaron a sus casas. Dejando a las familias en una especie de luto permanente, por no saber nada de sus seres queridos ni un lugar d\u00f3nde llorarles.<\/p>\n\n\n\n<p>De los 400 desaparecidos que hay en todo Tamaulipas, la mitad son de la zona sur y son buscados con vida, confirm\u00f3 Mac\u00edas Espinoza. Quien destac\u00f3 que en esta semana recorrer\u00e1n 12 municipios del estado.<\/p>\n\n\n\n<p>En todo momento estuvieron siendo cuidados por el personal de la milicia, quienes portaban armas largas y tambi\u00e9n formaron una caravana junto a las dem\u00e1s autoridades antes mencionadas.<\/p>\n","protected":false},"excerpt":{"rendered":"<p>Por: Agencias Elementos del Ej\u00e9rcito Mexicano, la Guardia Estatal y la Fiscal\u00eda General de Justicia de Tamaulipas, protegieron a los padres de v\u00edctimas de desaparici\u00f3n forzada que este lunes comenzaron con una jornada de b\u00fasqueda por los municipios del estado. Bajo la protecci\u00f3n de los elementos federales y estatales, comenzaron con la pega de carteles &hellip;<\/p>\n","protected":false},"author":1,"featured_media":4742,"comment_status":"open","ping_status":"open","sticky":false,"template":"","format":"standard","meta":{"footnotes":""},"categories":[39],"tags":[],"class_list":["post-4741","post","type-post","status-publish","format-standard","has-post-thumbnail","","category-tamaulipas"],"_links":{"self":[{"href":"https:\/\/www.radiointeractivo.com.mx\/index.php?rest_route=\/wp\/v2\/posts\/4741","targetHints":{"allow":["GET"]}}],"collection":[{"href":"https:\/\/www.radiointeractivo.com.mx\/index.php?rest_route=\/wp\/v2\/posts"}],"about":[{"href":"https:\/\/www.radiointeractivo.com.mx\/index.php?rest_route=\/wp\/v2\/types\/post"}],"author":[{"embeddable":true,"href":"https:\/\/www.radiointeractivo.com.mx\/index.php?rest_route=\/wp\/v2\/users\/1"}],"replies":[{"embeddable":true,"href":"https:\/\/www.radiointeractivo.com.mx\/index.php?rest_route=%2Fwp%2Fv2%2Fcomments&post=4741"}],"version-history":[{"count":1,"href":"https:\/\/www.radiointeractivo.com.mx\/index.php?rest_route=\/wp\/v2\/posts\/4741\/revisions"}],"predecessor-version":[{"id":4743,"href":"https:\/\/www.radiointeractivo.com.mx\/index.php?rest_route=\/wp\/v2\/posts\/4741\/revisions\/4743"}],"wp:featuredmedia":[{"embeddable":true,"href":"https:\/\/www.radiointeractivo.com.mx\/index.php?rest_route=\/wp\/v2\/media\/4742"}],"wp:attachment":[{"href":"https:\/\/www.radiointeractivo.com.mx\/index.php?rest_route=%2Fwp%2Fv2%2Fmedia&parent=4741"}],"wp:term":[{"taxonomy":"category","embeddable":true,"href":"https:\/\/www.radiointeractivo.com.mx\/index.php?rest_route=%2Fwp%2Fv2%2Fcategories&post=4741"},{"taxonomy":"post_tag","embeddable":true,"href":"https:\/\/www.radiointeractivo.com.mx\/index.php?rest_route=%2Fwp%2Fv2%2Ftags&post=4741"}],"curies":[{"name":"wp","href":"https:\/\/api.w.org\/{rel}","templated":true}]}}