{"id":4732,"date":"2023-12-04T22:02:28","date_gmt":"2023-12-05T04:02:28","guid":{"rendered":"https:\/\/www.radiointeractivo.com.mx\/?p=4732"},"modified":"2023-12-04T22:02:29","modified_gmt":"2023-12-05T04:02:29","slug":"en-los-espacios-laborales-escolares-y-sociales-no-a-las-violencias-olga-sosa","status":"publish","type":"post","link":"https:\/\/www.radiointeractivo.com.mx\/?p=4732","title":{"rendered":"En los espacios laborales, escolares y sociales, no a las violencias: Olga Sosa"},"content":{"rendered":"\n<figure class=\"wp-block-image size-large\"><img loading=\"lazy\" decoding=\"async\" width=\"1024\" height=\"682\" src=\"https:\/\/www.radiointeractivo.com.mx\/wp-content\/uploads\/2023\/12\/WhatsApp-Image-2023-12-04-at-8.03.26-PM-1024x682.jpeg\" alt=\"\" class=\"wp-image-4733\" srcset=\"https:\/\/www.radiointeractivo.com.mx\/wp-content\/uploads\/2023\/12\/WhatsApp-Image-2023-12-04-at-8.03.26-PM-1024x682.jpeg 1024w, https:\/\/www.radiointeractivo.com.mx\/wp-content\/uploads\/2023\/12\/WhatsApp-Image-2023-12-04-at-8.03.26-PM-300x200.jpeg 300w, https:\/\/www.radiointeractivo.com.mx\/wp-content\/uploads\/2023\/12\/WhatsApp-Image-2023-12-04-at-8.03.26-PM-768x512.jpeg 768w, https:\/\/www.radiointeractivo.com.mx\/wp-content\/uploads\/2023\/12\/WhatsApp-Image-2023-12-04-at-8.03.26-PM-310x205.jpeg 310w, https:\/\/www.radiointeractivo.com.mx\/wp-content\/uploads\/2023\/12\/WhatsApp-Image-2023-12-04-at-8.03.26-PM.jpeg 1286w\" sizes=\"auto, (max-width: 1024px) 100vw, 1024px\" \/><\/figure>\n\n\n\n<p>-El gobierno humanista de Am\u00e9rico Villarreal Anaya trabaja para que los derechos se cuiden y se respeten en Tamaulipas: secretaria del Trabajo<\/p>\n\n\n\n<p>Por: Agencias<\/p>\n\n\n\n<p>Ciudad Victoria, Tamaulipas. &#8211; Las y los j\u00f3venes estudiantes de Ciudad Victoria, participaron en una jornada para visibilizar y reforzar la prevenci\u00f3n y eliminaci\u00f3n de la violencia contra mujeres y ni\u00f1as, organizada por la Secretar\u00eda del Trabajo del gobierno de Am\u00e9rico Villarreal Anaya.<\/p>\n\n\n\n<p>La actividad denominada &#8220;Cine Debate de Derechos Humanos de las Mujeres, Ni\u00f1as, Ni\u00f1os y Adolescentes&#8221;, fue presidida por la secretaria del Trabajo y Previsi\u00f3n Social, Olga Patricia Sosa Ru\u00edz, quien expres\u00f3 que la educaci\u00f3n en derechos humanos es base fundamental, para la ense\u00f1anza y el aprendizaje de la actuaci\u00f3n responsable y participativa de ni\u00f1as, ni\u00f1os y adolescentes, al construir su desarrollo c\u00edvico.<\/p>\n\n\n\n<p>&#8220;A trav\u00e9s de m\u00e9todos, como el Cine Debate, que hoy se desarrollar\u00e1, se fomentan cualidades, actitudes y capacidades, que nos har\u00e1n contar con valiosas herramientas para la positiva interacci\u00f3n social, y la prevenci\u00f3n de conductas contrarias a una convivencia con paz y armon\u00eda&#8221;.<\/p>\n\n\n\n<p>La secretaria del Trabajo habl\u00f3 a los j\u00f3venes sobre la importancia de conocer a profundidad el violent\u00f3metro, del que a cada uno se les obsequi\u00f3 y es un instrumento que les ayuda a conocer los distintos niveles de violencia que hay y que por diversas causas se van &#8220;normalizando&#8221; en la vida cotidiana, pero siendo detectadas a tiempo se pueden prevenir y erradicar, lo que es salvaguardar los derechos humanos de mujeres, ni\u00f1as, adolescentes y ni\u00f1os.<\/p>\n\n\n\n<p>Precis\u00f3 que el gobierno humanista de Am\u00e9rico Villarreal Anaya tiene la firme voluntad y trabaja para todos esos derechos, se cuiden y se respeten, en Tamaulipas.<\/p>\n\n\n\n<p>En esta din\u00e1mica se expusieron diversos episodios de cine, donde se exponen los diferentes tipos de violencia normalizada en la sociedad, externando las y los j\u00f3venes participantes su sentir sobre esta situaci\u00f3n que les aqueja, e hicieron el reconocimiento de este tipo de actividades que propician entornos libres de violencia en general en la sociedad.<\/p>\n\n\n\n<p>En ese evento participaron adem\u00e1s de los alumnos, el director de la Escuela Preparatoria Federalizada N\u00famero 3 &#8220;Carlos Adri\u00e1n Avil\u00e9s Bortolussi&#8221;, el maestro Carlos Castillo Camacho; en representaci\u00f3n de Claudia Anaya Alvarado, titular del ITACE asisti\u00f3 Roberto Alan\u00eds Reyes; Margarita V\u00e1zquez Picazo, abogada familiar en el Instituto de la Mujer en Tamaulipas y Zamira del Carmen Porras Rocha, psic\u00f3loga del Instituto de la Mujer, quienes participaron como ponentes, en esta din\u00e1mica que gener\u00f3 conciencia entre el p\u00fablico adolescente asistente, sobre la importancia de la erradicaci\u00f3n de la violencia a mujeres y ni\u00f1as.<\/p>\n","protected":false},"excerpt":{"rendered":"<p>-El gobierno humanista de Am\u00e9rico Villarreal Anaya trabaja para que los derechos se cuiden y se respeten en Tamaulipas: secretaria del Trabajo Por: Agencias Ciudad Victoria, Tamaulipas. &#8211; Las y los j\u00f3venes estudiantes de Ciudad Victoria, participaron en una jornada para visibilizar y reforzar la prevenci\u00f3n y eliminaci\u00f3n de la violencia contra mujeres y ni\u00f1as, &hellip;<\/p>\n","protected":false},"author":1,"featured_media":4733,"comment_status":"open","ping_status":"open","sticky":false,"template":"","format":"standard","meta":{"footnotes":""},"categories":[39],"tags":[],"class_list":["post-4732","post","type-post","status-publish","format-standard","has-post-thumbnail","","category-tamaulipas"],"_links":{"self":[{"href":"https:\/\/www.radiointeractivo.com.mx\/index.php?rest_route=\/wp\/v2\/posts\/4732","targetHints":{"allow":["GET"]}}],"collection":[{"href":"https:\/\/www.radiointeractivo.com.mx\/index.php?rest_route=\/wp\/v2\/posts"}],"about":[{"href":"https:\/\/www.radiointeractivo.com.mx\/index.php?rest_route=\/wp\/v2\/types\/post"}],"author":[{"embeddable":true,"href":"https:\/\/www.radiointeractivo.com.mx\/index.php?rest_route=\/wp\/v2\/users\/1"}],"replies":[{"embeddable":true,"href":"https:\/\/www.radiointeractivo.com.mx\/index.php?rest_route=%2Fwp%2Fv2%2Fcomments&post=4732"}],"version-history":[{"count":1,"href":"https:\/\/www.radiointeractivo.com.mx\/index.php?rest_route=\/wp\/v2\/posts\/4732\/revisions"}],"predecessor-version":[{"id":4734,"href":"https:\/\/www.radiointeractivo.com.mx\/index.php?rest_route=\/wp\/v2\/posts\/4732\/revisions\/4734"}],"wp:featuredmedia":[{"embeddable":true,"href":"https:\/\/www.radiointeractivo.com.mx\/index.php?rest_route=\/wp\/v2\/media\/4733"}],"wp:attachment":[{"href":"https:\/\/www.radiointeractivo.com.mx\/index.php?rest_route=%2Fwp%2Fv2%2Fmedia&parent=4732"}],"wp:term":[{"taxonomy":"category","embeddable":true,"href":"https:\/\/www.radiointeractivo.com.mx\/index.php?rest_route=%2Fwp%2Fv2%2Fcategories&post=4732"},{"taxonomy":"post_tag","embeddable":true,"href":"https:\/\/www.radiointeractivo.com.mx\/index.php?rest_route=%2Fwp%2Fv2%2Ftags&post=4732"}],"curies":[{"name":"wp","href":"https:\/\/api.w.org\/{rel}","templated":true}]}}