{"id":4729,"date":"2023-12-04T22:01:18","date_gmt":"2023-12-05T04:01:18","guid":{"rendered":"https:\/\/www.radiointeractivo.com.mx\/?p=4729"},"modified":"2023-12-04T22:01:19","modified_gmt":"2023-12-05T04:01:19","slug":"tendra-tamaulipas-desarrollo-urbano-con-vision-a-largo-plazo","status":"publish","type":"post","link":"https:\/\/www.radiointeractivo.com.mx\/?p=4729","title":{"rendered":"Tendr\u00e1 Tamaulipas desarrollo urbano con visi\u00f3n a largo plazo"},"content":{"rendered":"\n<figure class=\"wp-block-image size-full\"><img loading=\"lazy\" decoding=\"async\" width=\"1024\" height=\"768\" src=\"https:\/\/www.radiointeractivo.com.mx\/wp-content\/uploads\/2023\/12\/WhatsApp-Image-2023-12-04-at-6.25.00-PM.jpeg\" alt=\"\" class=\"wp-image-4730\" srcset=\"https:\/\/www.radiointeractivo.com.mx\/wp-content\/uploads\/2023\/12\/WhatsApp-Image-2023-12-04-at-6.25.00-PM.jpeg 1024w, https:\/\/www.radiointeractivo.com.mx\/wp-content\/uploads\/2023\/12\/WhatsApp-Image-2023-12-04-at-6.25.00-PM-300x225.jpeg 300w, https:\/\/www.radiointeractivo.com.mx\/wp-content\/uploads\/2023\/12\/WhatsApp-Image-2023-12-04-at-6.25.00-PM-768x576.jpeg 768w\" sizes=\"auto, (max-width: 1024px) 100vw, 1024px\" \/><\/figure>\n\n\n\n<p>-La SEDUMA prepara Programa Estatal para el Desarrollo Urbano Sustentable<\/p>\n\n\n\n<p>Por: Agencias<\/p>\n\n\n\n<p>Ciudad Victoria, Tamaulipas.- Con el objetivo de asegurar que Tamaulipas experimente un desarrollo sostenible, coherente y con una perspectiva a largo plazo, la Secretar\u00eda de Desarrollo Urbano y Medio Ambiente (SEDUMA) ha iniciado una serie de talleres regionales. En estos eventos participan figuras clave cuyas contribuciones son fundamentales para dise\u00f1ar estrategias de crecimiento que satisfagan las necesidades espec\u00edficas las 6 regiones que aglutinan los 43 municipios.<\/p>\n\n\n\n<p>En el marco de estos encuentros que permitir\u00e1n elaborar el Programa Estatal para el Desarrollo Urbano Sustentable de Tamaulipas (PREDUST), en representaci\u00f3n de la titular de la SEDUMA, Karina Lizeth Sald\u00edvar Lartigue, el subsecretario de Desarrollo Urbano, Fernando Daniel P\u00e1ez Su\u00e1rez, destac\u00f3 la importancia de abordar diversos aspectos como los recursos h\u00eddricos, la infraestructura vial, las \u00e1reas naturales protegidas y la movilidad en el entorno construido de las ciudades.<\/p>\n\n\n\n<p>\u201cEste documento es una proyecci\u00f3n de lo que queremos para el desarrollo urbano en Tamaulipas para lograr un territorio m\u00e1s competitivo. En congruencia con nuestro Plan Estatal de Desarrollo, con los proyectos estrat\u00e9gicos del gobernador, con las disposiciones de las instancias federales como SEDATU con la Estrategia Nacional de Ordenamiento Territorial, con el reconocimiento de las zonas metropolitanas en el estado, con la Estrategia Nacional de Movilidad y Seguridad Vial y alineado tambi\u00e9n con las recientemente publicada: Ley Estatal de Movilidad\u201d.<\/p>\n\n\n\n<p>Pa\u00e9z Su\u00e1rez explic\u00f3 que est\u00e1n trabajando en la creaci\u00f3n de un instrumento de planeaci\u00f3n que proyecta una visi\u00f3n a 30 a\u00f1os en el futuro, adapt\u00e1ndolo a las necesidades de los municipios que fueron divididos en seis regiones como la fronteriza, San Fernando, altiplano, ca\u00f1era, centro y sur. Cada regi\u00f3n ser\u00e1 abordada de manera espec\u00edfica para identificar sus particularidades y alinear las acciones propuestas con su vocaci\u00f3n.<\/p>\n\n\n\n<p>El funcionario estatal resalt\u00f3 que a diferencia de otras administraciones estatales, en la actual la participaci\u00f3n ciudadana es fundamental para el crecimiento de la entidad, donde se atienda realmente lo que los tamaulipecos necesitan para vivir mejor.<\/p>\n\n\n\n<p>Subray\u00f3 que este proceso busca no solo plasmar una visi\u00f3n a largo plazo en el PREDUST, sino tambi\u00e9n tener una congruencia con otros planes de desarrollo, como el Plan Estatal de Desarrollo y el Plan Nacional de Desarrollo. Se espera que esta planificaci\u00f3n a diferentes escalas permita la traducci\u00f3n de las necesidades identificadas en acciones pr\u00e1cticas, asegurando una coherencia con el crecimiento planificado del estado.<\/p>\n","protected":false},"excerpt":{"rendered":"<p>-La SEDUMA prepara Programa Estatal para el Desarrollo Urbano Sustentable Por: Agencias Ciudad Victoria, Tamaulipas.- Con el objetivo de asegurar que Tamaulipas experimente un desarrollo sostenible, coherente y con una perspectiva a largo plazo, la Secretar\u00eda de Desarrollo Urbano y Medio Ambiente (SEDUMA) ha iniciado una serie de talleres regionales. En estos eventos participan figuras &hellip;<\/p>\n","protected":false},"author":1,"featured_media":4730,"comment_status":"open","ping_status":"open","sticky":false,"template":"","format":"standard","meta":{"footnotes":""},"categories":[39],"tags":[],"class_list":["post-4729","post","type-post","status-publish","format-standard","has-post-thumbnail","","category-tamaulipas"],"_links":{"self":[{"href":"https:\/\/www.radiointeractivo.com.mx\/index.php?rest_route=\/wp\/v2\/posts\/4729","targetHints":{"allow":["GET"]}}],"collection":[{"href":"https:\/\/www.radiointeractivo.com.mx\/index.php?rest_route=\/wp\/v2\/posts"}],"about":[{"href":"https:\/\/www.radiointeractivo.com.mx\/index.php?rest_route=\/wp\/v2\/types\/post"}],"author":[{"embeddable":true,"href":"https:\/\/www.radiointeractivo.com.mx\/index.php?rest_route=\/wp\/v2\/users\/1"}],"replies":[{"embeddable":true,"href":"https:\/\/www.radiointeractivo.com.mx\/index.php?rest_route=%2Fwp%2Fv2%2Fcomments&post=4729"}],"version-history":[{"count":1,"href":"https:\/\/www.radiointeractivo.com.mx\/index.php?rest_route=\/wp\/v2\/posts\/4729\/revisions"}],"predecessor-version":[{"id":4731,"href":"https:\/\/www.radiointeractivo.com.mx\/index.php?rest_route=\/wp\/v2\/posts\/4729\/revisions\/4731"}],"wp:featuredmedia":[{"embeddable":true,"href":"https:\/\/www.radiointeractivo.com.mx\/index.php?rest_route=\/wp\/v2\/media\/4730"}],"wp:attachment":[{"href":"https:\/\/www.radiointeractivo.com.mx\/index.php?rest_route=%2Fwp%2Fv2%2Fmedia&parent=4729"}],"wp:term":[{"taxonomy":"category","embeddable":true,"href":"https:\/\/www.radiointeractivo.com.mx\/index.php?rest_route=%2Fwp%2Fv2%2Fcategories&post=4729"},{"taxonomy":"post_tag","embeddable":true,"href":"https:\/\/www.radiointeractivo.com.mx\/index.php?rest_route=%2Fwp%2Fv2%2Ftags&post=4729"}],"curies":[{"name":"wp","href":"https:\/\/api.w.org\/{rel}","templated":true}]}}