{"id":4726,"date":"2023-12-04T22:00:22","date_gmt":"2023-12-05T04:00:22","guid":{"rendered":"https:\/\/www.radiointeractivo.com.mx\/?p=4726"},"modified":"2023-12-04T22:00:23","modified_gmt":"2023-12-05T04:00:23","slug":"invita-sst-al-primer-congreso-binacional-medicina-humanismo-y-actualizaciones-en-tamaulipas-2023","status":"publish","type":"post","link":"https:\/\/www.radiointeractivo.com.mx\/?p=4726","title":{"rendered":"Invita SST al Primer Congreso Binacional: \u201cMedicina, Humanismo y Actualizaciones en Tamaulipas 2023\u201d"},"content":{"rendered":"\n<figure class=\"wp-block-image size-large\"><img loading=\"lazy\" decoding=\"async\" width=\"1024\" height=\"768\" src=\"https:\/\/www.radiointeractivo.com.mx\/wp-content\/uploads\/2023\/12\/WhatsApp-Image-2023-12-04-at-3.09.19-PM-1024x768.jpeg\" alt=\"\" class=\"wp-image-4727\" srcset=\"https:\/\/www.radiointeractivo.com.mx\/wp-content\/uploads\/2023\/12\/WhatsApp-Image-2023-12-04-at-3.09.19-PM-1024x768.jpeg 1024w, https:\/\/www.radiointeractivo.com.mx\/wp-content\/uploads\/2023\/12\/WhatsApp-Image-2023-12-04-at-3.09.19-PM-300x225.jpeg 300w, https:\/\/www.radiointeractivo.com.mx\/wp-content\/uploads\/2023\/12\/WhatsApp-Image-2023-12-04-at-3.09.19-PM-768x576.jpeg 768w, https:\/\/www.radiointeractivo.com.mx\/wp-content\/uploads\/2023\/12\/WhatsApp-Image-2023-12-04-at-3.09.19-PM-1536x1152.jpeg 1536w, https:\/\/www.radiointeractivo.com.mx\/wp-content\/uploads\/2023\/12\/WhatsApp-Image-2023-12-04-at-3.09.19-PM.jpeg 1600w\" sizes=\"auto, (max-width: 1024px) 100vw, 1024px\" \/><\/figure>\n\n\n\n<p>Por: Agencias<\/p>\n\n\n\n<p>Ciudad Victoria, Tamaulipas. &#8211; Con la participaci\u00f3n de ponentes internacionales, este 7 de diciembre inicia el Primer Congreso Binacional: \u201cMedicina, Humanismo y Actualizaciones en Tamaulipas 2023\u201d, impulsado por el Gobierno de la Transformaci\u00f3n y en el cual se expondr\u00e1n temas como COVID-19-Estatus 2023 y secuelas del mismo; Panorama Epidemiol\u00f3gico, Detecci\u00f3n Oportuna y Reconstrucci\u00f3n del C\u00e1ncer de Mama; as\u00ed como Medicina del Futuro, Estilo de Vida Saludable, entre otros temas de relevancia.<\/p>\n\n\n\n<p>Es a trav\u00e9s de la Subsecretar\u00eda de Atenci\u00f3n M\u00e9dica, que se lleva a cabo este tipo de eventos que tienen como principal objetivo adquirir conocimientos y reforzar estrategias que permitan mejorar y avanzar en el sistema de salud en Tamaulipas, aunado a formar un cuerpo de profesionales de la salud, hacia un \u00edntegro trato a los pacientes, de una manera humanista, con dedicaci\u00f3n, esmero y entusiasmo del servicio diario.<\/p>\n\n\n\n<p>Lo anterior lo manifest\u00f3 el secretario de Salud, Vicente Joel Hern\u00e1ndez Navarro, al hacer la invitaci\u00f3n para que participen a trav\u00e9s de las plataformas y de manera presencial a este evento que el Gobierno del Estado, que dirige el doctor Am\u00e9rico Villarreal Anaya, pone al alcance de todos.<\/p>\n\n\n\n<p>\u201cLa invitaci\u00f3n est\u00e1 abierta, se trata de intercambiar conocimientos, experiencias y dar soluciones a los padecimientos que m\u00e1s afectan a la poblaci\u00f3n tamaulipeca como las enfermedades respiratorias, el manejo de padecimientos como las crisis hipertensivas, el evento vascular cerebral, manejo intervencionista del infarto agudo al miocardio, entre otros temas\u201d, mencion\u00f3 Hern\u00e1ndez Navarro.<\/p>\n\n\n\n<p>En coordinaci\u00f3n con las autoridades municipales y los especialistas m\u00e9dicos de la zona fronteriza, el evento se realizar\u00e1 los d\u00edas 7, 8 y 9 de diciembre del presente a\u00f1o en el municipio de Nuevo Laredo en las instalaciones del Centro Cultural y la inauguraci\u00f3n dar\u00e1 inicio a las 9:00 horas del d\u00eda jueves 7 de diciembre.<\/p>\n\n\n\n<p>Cabe mencionar que durante el desarrollo del Primer Congreso Binacional: &#8220;Medicina, Humanismo y Actualizaciones en Tamaulipas 2023&#8221;, se realizar\u00e1n cinco simposios enfocados a Obesidad, Hipertensi\u00f3n Arterial, C\u00e1ncer de Mama, Nutrici\u00f3n y Enfermer\u00eda; para participar en este magno evento, puedes registrarte en el siguiente<\/p>\n","protected":false},"excerpt":{"rendered":"<p>Por: Agencias Ciudad Victoria, Tamaulipas. &#8211; Con la participaci\u00f3n de ponentes internacionales, este 7 de diciembre inicia el Primer Congreso Binacional: \u201cMedicina, Humanismo y Actualizaciones en Tamaulipas 2023\u201d, impulsado por el Gobierno de la Transformaci\u00f3n y en el cual se expondr\u00e1n temas como COVID-19-Estatus 2023 y secuelas del mismo; Panorama Epidemiol\u00f3gico, Detecci\u00f3n Oportuna y Reconstrucci\u00f3n &hellip;<\/p>\n","protected":false},"author":1,"featured_media":4727,"comment_status":"open","ping_status":"open","sticky":false,"template":"","format":"standard","meta":{"footnotes":""},"categories":[39],"tags":[],"class_list":["post-4726","post","type-post","status-publish","format-standard","has-post-thumbnail","","category-tamaulipas"],"_links":{"self":[{"href":"https:\/\/www.radiointeractivo.com.mx\/index.php?rest_route=\/wp\/v2\/posts\/4726","targetHints":{"allow":["GET"]}}],"collection":[{"href":"https:\/\/www.radiointeractivo.com.mx\/index.php?rest_route=\/wp\/v2\/posts"}],"about":[{"href":"https:\/\/www.radiointeractivo.com.mx\/index.php?rest_route=\/wp\/v2\/types\/post"}],"author":[{"embeddable":true,"href":"https:\/\/www.radiointeractivo.com.mx\/index.php?rest_route=\/wp\/v2\/users\/1"}],"replies":[{"embeddable":true,"href":"https:\/\/www.radiointeractivo.com.mx\/index.php?rest_route=%2Fwp%2Fv2%2Fcomments&post=4726"}],"version-history":[{"count":1,"href":"https:\/\/www.radiointeractivo.com.mx\/index.php?rest_route=\/wp\/v2\/posts\/4726\/revisions"}],"predecessor-version":[{"id":4728,"href":"https:\/\/www.radiointeractivo.com.mx\/index.php?rest_route=\/wp\/v2\/posts\/4726\/revisions\/4728"}],"wp:featuredmedia":[{"embeddable":true,"href":"https:\/\/www.radiointeractivo.com.mx\/index.php?rest_route=\/wp\/v2\/media\/4727"}],"wp:attachment":[{"href":"https:\/\/www.radiointeractivo.com.mx\/index.php?rest_route=%2Fwp%2Fv2%2Fmedia&parent=4726"}],"wp:term":[{"taxonomy":"category","embeddable":true,"href":"https:\/\/www.radiointeractivo.com.mx\/index.php?rest_route=%2Fwp%2Fv2%2Fcategories&post=4726"},{"taxonomy":"post_tag","embeddable":true,"href":"https:\/\/www.radiointeractivo.com.mx\/index.php?rest_route=%2Fwp%2Fv2%2Ftags&post=4726"}],"curies":[{"name":"wp","href":"https:\/\/api.w.org\/{rel}","templated":true}]}}