{"id":4667,"date":"2023-12-03T11:23:21","date_gmt":"2023-12-03T17:23:21","guid":{"rendered":"https:\/\/www.radiointeractivo.com.mx\/?p=4667"},"modified":"2023-12-03T11:23:22","modified_gmt":"2023-12-03T17:23:22","slug":"en-el-mante-olga-sosa-brinda-conferencia-la-transformacion-laboral-en-tamaulipas","status":"publish","type":"post","link":"https:\/\/www.radiointeractivo.com.mx\/?p=4667","title":{"rendered":"En El Mante Olga Sosa brinda conferencia \u201cLa transformaci\u00f3n laboral en Tamaulipas\u201d"},"content":{"rendered":"\n<figure class=\"wp-block-image size-large\"><img loading=\"lazy\" decoding=\"async\" width=\"1024\" height=\"683\" src=\"https:\/\/www.radiointeractivo.com.mx\/wp-content\/uploads\/2023\/12\/WhatsApp-Image-2023-12-02-at-8.15.47-PM-1024x683.jpeg\" alt=\"\" class=\"wp-image-4668\" srcset=\"https:\/\/www.radiointeractivo.com.mx\/wp-content\/uploads\/2023\/12\/WhatsApp-Image-2023-12-02-at-8.15.47-PM-1024x683.jpeg 1024w, https:\/\/www.radiointeractivo.com.mx\/wp-content\/uploads\/2023\/12\/WhatsApp-Image-2023-12-02-at-8.15.47-PM-300x200.jpeg 300w, https:\/\/www.radiointeractivo.com.mx\/wp-content\/uploads\/2023\/12\/WhatsApp-Image-2023-12-02-at-8.15.47-PM-768x512.jpeg 768w, https:\/\/www.radiointeractivo.com.mx\/wp-content\/uploads\/2023\/12\/WhatsApp-Image-2023-12-02-at-8.15.47-PM.jpeg 1440w\" sizes=\"auto, (max-width: 1024px) 100vw, 1024px\" \/><\/figure>\n\n\n\n<p>-Invitada por CANACOPE, secretaria del Trabajo reitera compromiso y apoyo para la gente<\/p>\n\n\n\n<p>Por: Agencias<\/p>\n\n\n\n<p>El Mante, Tamaulipas.- A invitaci\u00f3n de los integrantes de la C\u00e1mara Nacional del Comercio en Peque\u00f1o, la secretaria del Trabajo, Olga Sosa Ru\u00edz asisti\u00f3 a El Mante para dar una conferencia acerca de los avances de la reforma laboral en esta importante zona ca\u00f1era, que integra a municipios de vocaci\u00f3n agr\u00edcola.<\/p>\n\n\n\n<p>El presidente de este organismo camaral, Juan \u00c1lvarez Cedillo, dio la bienvenida a la funcionaria estatal, en la que agradeci\u00f3 su inter\u00e9s de informar a la ciudadan\u00eda sobre la transformaci\u00f3n que ha registrado el mundo laboral en M\u00e9xico y que en Tamaulipas cuenta con el respaldo del gobernador Am\u00e9rico Villarreal Anaya.<\/p>\n\n\n\n<p>Olga Sosa Ru\u00edz se\u00f1al\u00f3 que en El Mante hay 14 mil 765 empleos formales que son el principal impulso del motor econ\u00f3mico en esta regi\u00f3n, porque cuentan con derechos laborales garantizados y los beneficios que ha representado el incremento al salario m\u00ednimo desde la llegada del presidente Andr\u00e9s Manuel L\u00f3pez Obrador en 2018.<\/p>\n\n\n\n<p>Precis\u00f3 que el incremento al salario m\u00ednimo anunciado por el presidente ser\u00e1 del 20 por ciento a partir del 1 de enero de 2024 y con esto, el salario pasa de 207 pesos diarios a 248 pesos, mientras que en la zona libre de la frontera norte el incremento pasa de 312 a 374 pesos diarios.<\/p>\n\n\n\n<p>Tambi\u00e9n se refiri\u00f3 a la eficacia de los Centros de Conciliaci\u00f3n Laboral, que est\u00e1n dando resultados en 18 d\u00edas para la soluci\u00f3n de conflictos laborales, muy por debajo de los 45 d\u00edas establecidos por la ley y que en El Mante es de cinco d\u00edas; ah\u00ed mismo dio a conocer la apertura de una sede m\u00e1s del Centro de Conciliaci\u00f3n en Altamira, para brindar un mejor servicio, que adem\u00e1s es gratuito y no se requiere abogado obligatorio.<\/p>\n\n\n\n<p>En el tema del apoyo a la juventud, hay una interesante agenda dijo Olga Sosa, porque las juventudes son primordiales para el gobierno de Am\u00e9rico Villarreal Anaya y a trav\u00e9s del INJUVE, los j\u00f3venes est\u00e1n siendo parte de la transformaci\u00f3n.<\/p>\n\n\n\n<p>Las quince ferias del empleo realizadas en un a\u00f1o, as\u00ed como los resultados del Subprograma de Movilidad Laboral externa en Estados Unidos y Canad\u00e1, a donde son canalizados con ofertas laborales legales y seguras, son parte de los resultados en cuanto al empleo.<\/p>\n\n\n\n<p>En esta conferencia informativa sobre la transformaci\u00f3n laboral en Tamaulipas, participaron Astrid Santoya M\u00fcller, Julio C\u00e9sar Lara Torres, Alberto Moctezuma Castillo, Julio C\u00e9sar Pe\u00f1a Segura, Miguel Angel Marroqu\u00edn L\u00f3pez y Edna Guevara Reyna, adem\u00e1s de cientos de mantenses interesados en conocer los avances en el mundo laboral en el estado.<\/p>\n","protected":false},"excerpt":{"rendered":"<p>-Invitada por CANACOPE, secretaria del Trabajo reitera compromiso y apoyo para la gente Por: Agencias El Mante, Tamaulipas.- A invitaci\u00f3n de los integrantes de la C\u00e1mara Nacional del Comercio en Peque\u00f1o, la secretaria del Trabajo, Olga Sosa Ru\u00edz asisti\u00f3 a El Mante para dar una conferencia acerca de los avances de la reforma laboral en &hellip;<\/p>\n","protected":false},"author":1,"featured_media":4668,"comment_status":"open","ping_status":"open","sticky":false,"template":"","format":"standard","meta":{"footnotes":""},"categories":[39],"tags":[],"class_list":["post-4667","post","type-post","status-publish","format-standard","has-post-thumbnail","","category-tamaulipas"],"_links":{"self":[{"href":"https:\/\/www.radiointeractivo.com.mx\/index.php?rest_route=\/wp\/v2\/posts\/4667","targetHints":{"allow":["GET"]}}],"collection":[{"href":"https:\/\/www.radiointeractivo.com.mx\/index.php?rest_route=\/wp\/v2\/posts"}],"about":[{"href":"https:\/\/www.radiointeractivo.com.mx\/index.php?rest_route=\/wp\/v2\/types\/post"}],"author":[{"embeddable":true,"href":"https:\/\/www.radiointeractivo.com.mx\/index.php?rest_route=\/wp\/v2\/users\/1"}],"replies":[{"embeddable":true,"href":"https:\/\/www.radiointeractivo.com.mx\/index.php?rest_route=%2Fwp%2Fv2%2Fcomments&post=4667"}],"version-history":[{"count":1,"href":"https:\/\/www.radiointeractivo.com.mx\/index.php?rest_route=\/wp\/v2\/posts\/4667\/revisions"}],"predecessor-version":[{"id":4669,"href":"https:\/\/www.radiointeractivo.com.mx\/index.php?rest_route=\/wp\/v2\/posts\/4667\/revisions\/4669"}],"wp:featuredmedia":[{"embeddable":true,"href":"https:\/\/www.radiointeractivo.com.mx\/index.php?rest_route=\/wp\/v2\/media\/4668"}],"wp:attachment":[{"href":"https:\/\/www.radiointeractivo.com.mx\/index.php?rest_route=%2Fwp%2Fv2%2Fmedia&parent=4667"}],"wp:term":[{"taxonomy":"category","embeddable":true,"href":"https:\/\/www.radiointeractivo.com.mx\/index.php?rest_route=%2Fwp%2Fv2%2Fcategories&post=4667"},{"taxonomy":"post_tag","embeddable":true,"href":"https:\/\/www.radiointeractivo.com.mx\/index.php?rest_route=%2Fwp%2Fv2%2Ftags&post=4667"}],"curies":[{"name":"wp","href":"https:\/\/api.w.org\/{rel}","templated":true}]}}