{"id":4628,"date":"2023-12-01T20:50:13","date_gmt":"2023-12-02T02:50:13","guid":{"rendered":"https:\/\/www.radiointeractivo.com.mx\/?p=4628"},"modified":"2023-12-01T20:50:14","modified_gmt":"2023-12-02T02:50:14","slug":"recupera-tamaulipas-transparencia-en-proyectos-de-gasto-federal-y-estatal","status":"publish","type":"post","link":"https:\/\/www.radiointeractivo.com.mx\/?p=4628","title":{"rendered":"Recupera Tamaulipas transparencia en proyectos de gasto federal y estatal"},"content":{"rendered":"\n<figure class=\"wp-block-image size-large\"><img loading=\"lazy\" decoding=\"async\" width=\"1024\" height=\"768\" src=\"https:\/\/www.radiointeractivo.com.mx\/wp-content\/uploads\/2023\/12\/WhatsApp-Image-2023-12-01-at-12.45.19-PM-1024x768.jpeg\" alt=\"\" class=\"wp-image-4629\" srcset=\"https:\/\/www.radiointeractivo.com.mx\/wp-content\/uploads\/2023\/12\/WhatsApp-Image-2023-12-01-at-12.45.19-PM-1024x768.jpeg 1024w, https:\/\/www.radiointeractivo.com.mx\/wp-content\/uploads\/2023\/12\/WhatsApp-Image-2023-12-01-at-12.45.19-PM-300x225.jpeg 300w, https:\/\/www.radiointeractivo.com.mx\/wp-content\/uploads\/2023\/12\/WhatsApp-Image-2023-12-01-at-12.45.19-PM-768x576.jpeg 768w, https:\/\/www.radiointeractivo.com.mx\/wp-content\/uploads\/2023\/12\/WhatsApp-Image-2023-12-01-at-12.45.19-PM-1536x1152.jpeg 1536w, https:\/\/www.radiointeractivo.com.mx\/wp-content\/uploads\/2023\/12\/WhatsApp-Image-2023-12-01-at-12.45.19-PM.jpeg 1600w\" sizes=\"auto, (max-width: 1024px) 100vw, 1024px\" \/><\/figure>\n\n\n\n<p>-Actualmente los proyectos para el desarrollo se eval\u00faan de principio a fin<\/p>\n\n\n\n<p>Por: Agencias<\/p>\n\n\n\n<p>Ciudad Victoria, Tamaulipas. &#8211; La Contralor\u00eda Gubernamental del Estado de Tamaulipas, a cargo de Norma Ang\u00e9lica Predraza Melo, capacita en materia de Aspectos Susceptibles de Mejora (ASM) a Ejecutores de Gasto y a los \u00d3rganos Internos de Control (OIC) de todas las dependencias gubernamentales, cuyos programas fueron evaluados, de manera previa, en el Marco del Programa Anual de Evaluaci\u00f3n 2023.<\/p>\n\n\n\n<p>La capacitaci\u00f3n estuvo a cargo de Juan Antonio Ram\u00edrez Torres, director de Control Interno y Evaluaci\u00f3n Gubernamental y tiene como finalidad que todos los servidores p\u00fablicos tengan una mejor directriz para hacer una selecci\u00f3n adecuada de las recomendaciones emitidas en las evaluaciones realizadas a los fondos y programas de gasto federalizado, as\u00ed como a los programas presupuestarios estatales, en el marco del Programa Anual de Evaluaci\u00f3n (PAE).<\/p>\n\n\n\n<p>Lo anterior permitir\u00e1 una mejora en los programas, claridad para su proyecci\u00f3n y el reporte peri\u00f3dicos de los avances, desde su implementaci\u00f3n, hasta su conclusi\u00f3n.<\/p>\n","protected":false},"excerpt":{"rendered":"<p>-Actualmente los proyectos para el desarrollo se eval\u00faan de principio a fin Por: Agencias Ciudad Victoria, Tamaulipas. &#8211; La Contralor\u00eda Gubernamental del Estado de Tamaulipas, a cargo de Norma Ang\u00e9lica Predraza Melo, capacita en materia de Aspectos Susceptibles de Mejora (ASM) a Ejecutores de Gasto y a los \u00d3rganos Internos de Control (OIC) de todas &hellip;<\/p>\n","protected":false},"author":1,"featured_media":4629,"comment_status":"open","ping_status":"open","sticky":false,"template":"","format":"standard","meta":{"footnotes":""},"categories":[39],"tags":[],"class_list":["post-4628","post","type-post","status-publish","format-standard","has-post-thumbnail","","category-tamaulipas"],"_links":{"self":[{"href":"https:\/\/www.radiointeractivo.com.mx\/index.php?rest_route=\/wp\/v2\/posts\/4628","targetHints":{"allow":["GET"]}}],"collection":[{"href":"https:\/\/www.radiointeractivo.com.mx\/index.php?rest_route=\/wp\/v2\/posts"}],"about":[{"href":"https:\/\/www.radiointeractivo.com.mx\/index.php?rest_route=\/wp\/v2\/types\/post"}],"author":[{"embeddable":true,"href":"https:\/\/www.radiointeractivo.com.mx\/index.php?rest_route=\/wp\/v2\/users\/1"}],"replies":[{"embeddable":true,"href":"https:\/\/www.radiointeractivo.com.mx\/index.php?rest_route=%2Fwp%2Fv2%2Fcomments&post=4628"}],"version-history":[{"count":1,"href":"https:\/\/www.radiointeractivo.com.mx\/index.php?rest_route=\/wp\/v2\/posts\/4628\/revisions"}],"predecessor-version":[{"id":4630,"href":"https:\/\/www.radiointeractivo.com.mx\/index.php?rest_route=\/wp\/v2\/posts\/4628\/revisions\/4630"}],"wp:featuredmedia":[{"embeddable":true,"href":"https:\/\/www.radiointeractivo.com.mx\/index.php?rest_route=\/wp\/v2\/media\/4629"}],"wp:attachment":[{"href":"https:\/\/www.radiointeractivo.com.mx\/index.php?rest_route=%2Fwp%2Fv2%2Fmedia&parent=4628"}],"wp:term":[{"taxonomy":"category","embeddable":true,"href":"https:\/\/www.radiointeractivo.com.mx\/index.php?rest_route=%2Fwp%2Fv2%2Fcategories&post=4628"},{"taxonomy":"post_tag","embeddable":true,"href":"https:\/\/www.radiointeractivo.com.mx\/index.php?rest_route=%2Fwp%2Fv2%2Ftags&post=4628"}],"curies":[{"name":"wp","href":"https:\/\/api.w.org\/{rel}","templated":true}]}}