{"id":4512,"date":"2023-11-28T20:19:28","date_gmt":"2023-11-29T02:19:28","guid":{"rendered":"https:\/\/www.radiointeractivo.com.mx\/?p=4512"},"modified":"2023-11-28T20:19:29","modified_gmt":"2023-11-29T02:19:29","slug":"brigada-de-salud-de-tamaulipas-otorgo-36-mil-acciones-medicas-en-acapulco","status":"publish","type":"post","link":"https:\/\/www.radiointeractivo.com.mx\/?p=4512","title":{"rendered":"Brigada de Salud de Tamaulipas otorg\u00f3 36 mil acciones m\u00e9dicas en Acapulco"},"content":{"rendered":"\n<figure class=\"wp-block-image size-large\"><img loading=\"lazy\" decoding=\"async\" width=\"1024\" height=\"682\" src=\"https:\/\/www.radiointeractivo.com.mx\/wp-content\/uploads\/2023\/11\/WhatsApp-Image-2023-11-28-at-6.31.56-PM-1024x682.jpeg\" alt=\"\" class=\"wp-image-4513\" srcset=\"https:\/\/www.radiointeractivo.com.mx\/wp-content\/uploads\/2023\/11\/WhatsApp-Image-2023-11-28-at-6.31.56-PM-1024x682.jpeg 1024w, https:\/\/www.radiointeractivo.com.mx\/wp-content\/uploads\/2023\/11\/WhatsApp-Image-2023-11-28-at-6.31.56-PM-300x200.jpeg 300w, https:\/\/www.radiointeractivo.com.mx\/wp-content\/uploads\/2023\/11\/WhatsApp-Image-2023-11-28-at-6.31.56-PM-768x512.jpeg 768w, https:\/\/www.radiointeractivo.com.mx\/wp-content\/uploads\/2023\/11\/WhatsApp-Image-2023-11-28-at-6.31.56-PM-1536x1023.jpeg 1536w, https:\/\/www.radiointeractivo.com.mx\/wp-content\/uploads\/2023\/11\/WhatsApp-Image-2023-11-28-at-6.31.56-PM-310x205.jpeg 310w, https:\/\/www.radiointeractivo.com.mx\/wp-content\/uploads\/2023\/11\/WhatsApp-Image-2023-11-28-at-6.31.56-PM.jpeg 1600w\" sizes=\"auto, (max-width: 1024px) 100vw, 1024px\" \/><\/figure>\n\n\n\n<p>Por: Agencias<\/p>\n\n\n\n<p>Ciudad Victoria, Tamaulipas.- Luego de permanecer 15 d\u00edas en el estado de Guerrero, en donde realizaron m\u00e1s de 36 mil acciones de salud, el doctor Vicente Joel Hern\u00e1ndez Navarro, dio la bienvenida a la brigada m\u00e9dica que apoy\u00f3 en las labores de atenci\u00f3n a los afectados por el hurac\u00e1n \u201cOtis\u201d.<\/p>\n\n\n\n<p>Acompa\u00f1ado del director del Centro Regulador de Urgencias M\u00e9dicas (CRUM), Carlos Arturo Gonz\u00e1lez Castro y la directora del Primer Nivel de Atenci\u00f3n, Brenda Plata Flores, el secretario de Salud, reconoci\u00f3 las labores de los 15 trabajadores que se desplazaron a la zona afectada por este fen\u00f3meno natural.<\/p>\n\n\n\n<p>El titular de la dependencia estatal, agradeci\u00f3 el esfuerzo que realizaron, ellos y sus familias, para permanecer durante este periodo y apoyar en esta noble labor, en la que el objetivo principal era garantizar y preservar la salud de la poblaci\u00f3n.<\/p>\n\n\n\n<p>Al dar la bienvenida, resalt\u00f3 que el gobernador Am\u00e9rico Villarreal Anaya, envi\u00f3 una nueva reserva de medicamentos y destin\u00f3 recursos para sumarse a las actividades de apoyo y que se atendiera, en la medida de lo posible, a la mayor cantidad de personas afectadas.<\/p>\n\n\n\n<p>Cabe destacar que a la zona de Guerrero se trasladaron cuatro unidades m\u00e9dicas m\u00f3viles con equipo de soporte vital avanzado del programa de \u201cFortalecimiento a la Atenci\u00f3n M\u00e9dica\u201d, se realizaron un promedio de 36 mil acciones de atenci\u00f3n m\u00e9dica, de enfermer\u00eda, de prevenci\u00f3n y de promoci\u00f3n a la salud, principalmente.<\/p>\n\n\n\n<p>El contingente, se conform\u00f3 de cinco m\u00e9dicos, cinco enfermeras y cinco promotores de la salud, quienes recorrieron las zonas y realizaron cerca de 3 mil consultas m\u00e9dicas; 20 mil acciones de enfermer\u00eda entre las que destacan las curaciones, tomas de presi\u00f3n y glucosa, entre otras y m\u00e1s de 11 mil acciones de prevenci\u00f3n y promoci\u00f3n de la salud.<\/p>\n\n\n\n<p>Para el operativo de apoyo que concluy\u00f3 con \u00e9xito, se cont\u00f3 con personal del (CRUM) de la Secretar\u00eda de Salud y Protecci\u00f3n Civil, llevaron medicamento, material de curaci\u00f3n, reactivos para determinaci\u00f3n r\u00e1pida de glucosa, plata coloidal, pruebas para enfermedades diarreicas, entre otros insumos.<\/p>\n","protected":false},"excerpt":{"rendered":"<p>Por: Agencias Ciudad Victoria, Tamaulipas.- Luego de permanecer 15 d\u00edas en el estado de Guerrero, en donde realizaron m\u00e1s de 36 mil acciones de salud, el doctor Vicente Joel Hern\u00e1ndez Navarro, dio la bienvenida a la brigada m\u00e9dica que apoy\u00f3 en las labores de atenci\u00f3n a los afectados por el hurac\u00e1n \u201cOtis\u201d. Acompa\u00f1ado del director &hellip;<\/p>\n","protected":false},"author":1,"featured_media":4513,"comment_status":"open","ping_status":"open","sticky":false,"template":"","format":"standard","meta":{"footnotes":""},"categories":[39],"tags":[],"class_list":["post-4512","post","type-post","status-publish","format-standard","has-post-thumbnail","","category-tamaulipas"],"_links":{"self":[{"href":"https:\/\/www.radiointeractivo.com.mx\/index.php?rest_route=\/wp\/v2\/posts\/4512","targetHints":{"allow":["GET"]}}],"collection":[{"href":"https:\/\/www.radiointeractivo.com.mx\/index.php?rest_route=\/wp\/v2\/posts"}],"about":[{"href":"https:\/\/www.radiointeractivo.com.mx\/index.php?rest_route=\/wp\/v2\/types\/post"}],"author":[{"embeddable":true,"href":"https:\/\/www.radiointeractivo.com.mx\/index.php?rest_route=\/wp\/v2\/users\/1"}],"replies":[{"embeddable":true,"href":"https:\/\/www.radiointeractivo.com.mx\/index.php?rest_route=%2Fwp%2Fv2%2Fcomments&post=4512"}],"version-history":[{"count":1,"href":"https:\/\/www.radiointeractivo.com.mx\/index.php?rest_route=\/wp\/v2\/posts\/4512\/revisions"}],"predecessor-version":[{"id":4514,"href":"https:\/\/www.radiointeractivo.com.mx\/index.php?rest_route=\/wp\/v2\/posts\/4512\/revisions\/4514"}],"wp:featuredmedia":[{"embeddable":true,"href":"https:\/\/www.radiointeractivo.com.mx\/index.php?rest_route=\/wp\/v2\/media\/4513"}],"wp:attachment":[{"href":"https:\/\/www.radiointeractivo.com.mx\/index.php?rest_route=%2Fwp%2Fv2%2Fmedia&parent=4512"}],"wp:term":[{"taxonomy":"category","embeddable":true,"href":"https:\/\/www.radiointeractivo.com.mx\/index.php?rest_route=%2Fwp%2Fv2%2Fcategories&post=4512"},{"taxonomy":"post_tag","embeddable":true,"href":"https:\/\/www.radiointeractivo.com.mx\/index.php?rest_route=%2Fwp%2Fv2%2Ftags&post=4512"}],"curies":[{"name":"wp","href":"https:\/\/api.w.org\/{rel}","templated":true}]}}