{"id":4509,"date":"2023-11-28T20:17:31","date_gmt":"2023-11-29T02:17:31","guid":{"rendered":"https:\/\/www.radiointeractivo.com.mx\/?p=4509"},"modified":"2023-11-28T20:17:32","modified_gmt":"2023-11-29T02:17:32","slug":"tamaulipas-presente-en-el-15-aniversario-de-la-cnh","status":"publish","type":"post","link":"https:\/\/www.radiointeractivo.com.mx\/?p=4509","title":{"rendered":"Tamaulipas presente en el 15\u00b0 Aniversario de la CNH"},"content":{"rendered":"\n<figure class=\"wp-block-image size-full\"><img loading=\"lazy\" decoding=\"async\" width=\"1000\" height=\"750\" src=\"https:\/\/www.radiointeractivo.com.mx\/wp-content\/uploads\/2023\/11\/WhatsApp-Image-2023-11-28-at-5.44.26-PM.jpeg\" alt=\"\" class=\"wp-image-4510\" srcset=\"https:\/\/www.radiointeractivo.com.mx\/wp-content\/uploads\/2023\/11\/WhatsApp-Image-2023-11-28-at-5.44.26-PM.jpeg 1000w, https:\/\/www.radiointeractivo.com.mx\/wp-content\/uploads\/2023\/11\/WhatsApp-Image-2023-11-28-at-5.44.26-PM-300x225.jpeg 300w, https:\/\/www.radiointeractivo.com.mx\/wp-content\/uploads\/2023\/11\/WhatsApp-Image-2023-11-28-at-5.44.26-PM-768x576.jpeg 768w\" sizes=\"auto, (max-width: 1000px) 100vw, 1000px\" \/><\/figure>\n\n\n\n<p>Por: Agencias<\/p>\n\n\n\n<p>Ciudad de M\u00e9xico.- En representaci\u00f3n del gobernador Am\u00e9rico Villarreal Anaya, el secretario de Energ\u00eda en Tamaulipas, Jos\u00e9 Ram\u00f3n Silva Arizabalo, asisti\u00f3 al 15\u00b0 Aniversario de la Comisi\u00f3n Nacional de Hidrocarburos (CNH), la cual tuvo como sede el Palacio de Miner\u00eda en la Ciudad de M\u00e9xico.<\/p>\n\n\n\n<p>El evento se realiz\u00f3 este martes y estuvieron presentes el comisionado presidente de la CNH, Agust\u00edn D\u00edaz Lastra; el director de PEMEX, Octavio Oropeza; el secretario de Energ\u00eda (Sener), Miguel \u00c1ngel Maciel Torres; \u00c1ngel Carrizales, director de la Agencia de Seguridad, Energ\u00eda y Ambiente y Carlos Adri\u00e1n, director de la Agencia Estatal de Energ\u00eda de Campeche entre otros exponentes y l\u00edderes del sector energ\u00e9tico del pa\u00eds.<\/p>\n\n\n\n<p>Semanas atr\u00e1s, el Gobierno del Estado firm\u00f3 un convenio de colaboraci\u00f3n con la Comisi\u00f3n Nacional de Hidrocarburos, el cual promover\u00e1 la nueva pol\u00edtica energ\u00e9tica desde la formaci\u00f3n de recursos humanos especializados hasta la generaci\u00f3n de empresas de base tecnol\u00f3gicas pasando por la capacitaci\u00f3n de t\u00e9cnicos, ingenieros tamaulipecos.<\/p>\n\n\n\n<p>Con este paso emblem\u00e1tico, Tamaulipas sigue sumando voluntades a la soberan\u00eda energ\u00e9tica y proyectos estrat\u00e9gicos que posicionan al estado como el referente energ\u00e9tico.<\/p>\n","protected":false},"excerpt":{"rendered":"<p>Por: Agencias Ciudad de M\u00e9xico.- En representaci\u00f3n del gobernador Am\u00e9rico Villarreal Anaya, el secretario de Energ\u00eda en Tamaulipas, Jos\u00e9 Ram\u00f3n Silva Arizabalo, asisti\u00f3 al 15\u00b0 Aniversario de la Comisi\u00f3n Nacional de Hidrocarburos (CNH), la cual tuvo como sede el Palacio de Miner\u00eda en la Ciudad de M\u00e9xico. El evento se realiz\u00f3 este martes y estuvieron &hellip;<\/p>\n","protected":false},"author":1,"featured_media":4510,"comment_status":"open","ping_status":"open","sticky":false,"template":"","format":"standard","meta":{"footnotes":""},"categories":[39],"tags":[],"class_list":["post-4509","post","type-post","status-publish","format-standard","has-post-thumbnail","","category-tamaulipas"],"_links":{"self":[{"href":"https:\/\/www.radiointeractivo.com.mx\/index.php?rest_route=\/wp\/v2\/posts\/4509","targetHints":{"allow":["GET"]}}],"collection":[{"href":"https:\/\/www.radiointeractivo.com.mx\/index.php?rest_route=\/wp\/v2\/posts"}],"about":[{"href":"https:\/\/www.radiointeractivo.com.mx\/index.php?rest_route=\/wp\/v2\/types\/post"}],"author":[{"embeddable":true,"href":"https:\/\/www.radiointeractivo.com.mx\/index.php?rest_route=\/wp\/v2\/users\/1"}],"replies":[{"embeddable":true,"href":"https:\/\/www.radiointeractivo.com.mx\/index.php?rest_route=%2Fwp%2Fv2%2Fcomments&post=4509"}],"version-history":[{"count":1,"href":"https:\/\/www.radiointeractivo.com.mx\/index.php?rest_route=\/wp\/v2\/posts\/4509\/revisions"}],"predecessor-version":[{"id":4511,"href":"https:\/\/www.radiointeractivo.com.mx\/index.php?rest_route=\/wp\/v2\/posts\/4509\/revisions\/4511"}],"wp:featuredmedia":[{"embeddable":true,"href":"https:\/\/www.radiointeractivo.com.mx\/index.php?rest_route=\/wp\/v2\/media\/4510"}],"wp:attachment":[{"href":"https:\/\/www.radiointeractivo.com.mx\/index.php?rest_route=%2Fwp%2Fv2%2Fmedia&parent=4509"}],"wp:term":[{"taxonomy":"category","embeddable":true,"href":"https:\/\/www.radiointeractivo.com.mx\/index.php?rest_route=%2Fwp%2Fv2%2Fcategories&post=4509"},{"taxonomy":"post_tag","embeddable":true,"href":"https:\/\/www.radiointeractivo.com.mx\/index.php?rest_route=%2Fwp%2Fv2%2Ftags&post=4509"}],"curies":[{"name":"wp","href":"https:\/\/api.w.org\/{rel}","templated":true}]}}