{"id":4506,"date":"2023-11-28T20:14:30","date_gmt":"2023-11-29T02:14:30","guid":{"rendered":"https:\/\/www.radiointeractivo.com.mx\/?p=4506"},"modified":"2023-11-28T20:14:31","modified_gmt":"2023-11-29T02:14:31","slug":"gobierno-del-estado-promueve-productos-rurales-en-la-torre-bicentenario","status":"publish","type":"post","link":"https:\/\/www.radiointeractivo.com.mx\/?p=4506","title":{"rendered":"Gobierno del Estado promueve productos rurales en la Torre Bicentenario"},"content":{"rendered":"\n<figure class=\"wp-block-image size-large\"><img loading=\"lazy\" decoding=\"async\" width=\"1024\" height=\"682\" src=\"https:\/\/www.radiointeractivo.com.mx\/wp-content\/uploads\/2023\/11\/WhatsApp-Image-2023-11-28-at-5.24.35-PM-1024x682.jpeg\" alt=\"\" class=\"wp-image-4507\" srcset=\"https:\/\/www.radiointeractivo.com.mx\/wp-content\/uploads\/2023\/11\/WhatsApp-Image-2023-11-28-at-5.24.35-PM-1024x682.jpeg 1024w, https:\/\/www.radiointeractivo.com.mx\/wp-content\/uploads\/2023\/11\/WhatsApp-Image-2023-11-28-at-5.24.35-PM-300x200.jpeg 300w, https:\/\/www.radiointeractivo.com.mx\/wp-content\/uploads\/2023\/11\/WhatsApp-Image-2023-11-28-at-5.24.35-PM-768x512.jpeg 768w, https:\/\/www.radiointeractivo.com.mx\/wp-content\/uploads\/2023\/11\/WhatsApp-Image-2023-11-28-at-5.24.35-PM-1536x1023.jpeg 1536w, https:\/\/www.radiointeractivo.com.mx\/wp-content\/uploads\/2023\/11\/WhatsApp-Image-2023-11-28-at-5.24.35-PM-310x205.jpeg 310w, https:\/\/www.radiointeractivo.com.mx\/wp-content\/uploads\/2023\/11\/WhatsApp-Image-2023-11-28-at-5.24.35-PM.jpeg 1600w\" sizes=\"auto, (max-width: 1024px) 100vw, 1024px\" \/><\/figure>\n\n\n\n<p>Por: Agencias<\/p>\n\n\n\n<p>Ciudad Victoria, Tamaulipas. &#8211; Con la exhibici\u00f3n de 80 productos elaborados por productores tamaulipecos, se llev\u00f3 a cabo la inauguraci\u00f3n de la Isla de Productos Rurales \u201cLa Tamaholipeca\u201d en planta baja de la Torre Bicentenario, con el fin de otorgar un espacio a los emprendedores, de esta manera se promover\u00e1 y comercializar\u00e1n los productos que se elaboran en el estado.<\/p>\n\n\n\n<p>El secretario de Desarrollo Rural, Pesca y Acuacultura, D\u00e1maso Anaya Alvarado realiz\u00f3 el corte de list\u00f3n en compa\u00f1\u00eda de diferentes secretarios de Estado, resaltando que se trabaja de manera coordinada con los emprendedores donde se busca impulsar el fortalecimiento de las actividades econ\u00f3micas y el bienestar de las familias, esto como una instrucci\u00f3n del gobernador Am\u00e9rico Villarreal Anaya.<\/p>\n\n\n\n<p>Los productos que se ofertan son artesanales, como el chile piqu\u00edn, mezcales de peque\u00f1a producci\u00f3n y de producci\u00f3n a escala, or\u00e9gano, productos a base de s\u00e1bila, pemoles, empanadas, miel, entre otros. Est\u00e1n elaborados en los municipios de Burgos, Gonz\u00e1lez, G\u00fc\u00e9mez, Jaumave, Miquihuana, Padilla, San Nicol\u00e1s, Soto la Marina, y Victoria.<\/p>\n\n\n\n<p>Por su parte, el director de PYMES rurales Jos\u00e9 Luis M\u00e9ndez Garza dijo que la indicaci\u00f3n del gobernador es apoyar a la gente del campo, as\u00ed como siguiendo las instrucciones del secretario es hacer lo propio, para que estos productos se comercialicen y sean de apoyo para la econom\u00eda familiar; para ello se abrir\u00e1n otros puntos de venta en los municipios de Reynosa, Tampico y en el estado de Nuevo Le\u00f3n.<\/p>\n\n\n\n<p>Entre los asistentes estuvieron presentes Jes\u00fas Lav\u00edn Ver\u00e1stegui, secretario de Administraci\u00f3n; Norma Ang\u00e9lica Pedraza Melo, contralora gubernamental; Pedro Cepeda Anaya, secretario de Obras P\u00fablicas; Karina Lizeth Sald\u00edvar Lartigue, secretaria de Desarrollo Urbano y Medio Ambiente; Cuauht\u00e9moc Amaya Garc\u00eda, subsecretario de Desarrollo Pecuario y Forestal; Juan Jes\u00fas Hern\u00e1ndez Torres, subsecretario de Pesca y Acuacultura; Rogelio de Jes\u00fas Ram\u00edrez Garc\u00eda, coordinador t\u00e9cnico y dem\u00e1s personalidades.<\/p>\n","protected":false},"excerpt":{"rendered":"<p>Por: Agencias Ciudad Victoria, Tamaulipas. &#8211; Con la exhibici\u00f3n de 80 productos elaborados por productores tamaulipecos, se llev\u00f3 a cabo la inauguraci\u00f3n de la Isla de Productos Rurales \u201cLa Tamaholipeca\u201d en planta baja de la Torre Bicentenario, con el fin de otorgar un espacio a los emprendedores, de esta manera se promover\u00e1 y comercializar\u00e1n los &hellip;<\/p>\n","protected":false},"author":1,"featured_media":4507,"comment_status":"open","ping_status":"open","sticky":false,"template":"","format":"standard","meta":{"footnotes":""},"categories":[39],"tags":[],"class_list":["post-4506","post","type-post","status-publish","format-standard","has-post-thumbnail","","category-tamaulipas"],"_links":{"self":[{"href":"https:\/\/www.radiointeractivo.com.mx\/index.php?rest_route=\/wp\/v2\/posts\/4506","targetHints":{"allow":["GET"]}}],"collection":[{"href":"https:\/\/www.radiointeractivo.com.mx\/index.php?rest_route=\/wp\/v2\/posts"}],"about":[{"href":"https:\/\/www.radiointeractivo.com.mx\/index.php?rest_route=\/wp\/v2\/types\/post"}],"author":[{"embeddable":true,"href":"https:\/\/www.radiointeractivo.com.mx\/index.php?rest_route=\/wp\/v2\/users\/1"}],"replies":[{"embeddable":true,"href":"https:\/\/www.radiointeractivo.com.mx\/index.php?rest_route=%2Fwp%2Fv2%2Fcomments&post=4506"}],"version-history":[{"count":1,"href":"https:\/\/www.radiointeractivo.com.mx\/index.php?rest_route=\/wp\/v2\/posts\/4506\/revisions"}],"predecessor-version":[{"id":4508,"href":"https:\/\/www.radiointeractivo.com.mx\/index.php?rest_route=\/wp\/v2\/posts\/4506\/revisions\/4508"}],"wp:featuredmedia":[{"embeddable":true,"href":"https:\/\/www.radiointeractivo.com.mx\/index.php?rest_route=\/wp\/v2\/media\/4507"}],"wp:attachment":[{"href":"https:\/\/www.radiointeractivo.com.mx\/index.php?rest_route=%2Fwp%2Fv2%2Fmedia&parent=4506"}],"wp:term":[{"taxonomy":"category","embeddable":true,"href":"https:\/\/www.radiointeractivo.com.mx\/index.php?rest_route=%2Fwp%2Fv2%2Fcategories&post=4506"},{"taxonomy":"post_tag","embeddable":true,"href":"https:\/\/www.radiointeractivo.com.mx\/index.php?rest_route=%2Fwp%2Fv2%2Ftags&post=4506"}],"curies":[{"name":"wp","href":"https:\/\/api.w.org\/{rel}","templated":true}]}}