{"id":4497,"date":"2023-11-28T16:38:01","date_gmt":"2023-11-28T22:38:01","guid":{"rendered":"https:\/\/www.radiointeractivo.com.mx\/?p=4497"},"modified":"2023-11-28T16:38:02","modified_gmt":"2023-11-28T22:38:02","slug":"recibe-tamaulipas-835-mdp-por-regularizacion-de-autos","status":"publish","type":"post","link":"https:\/\/www.radiointeractivo.com.mx\/?p=4497","title":{"rendered":"Recibe Tamaulipas 835 MDP por regularizaci\u00f3n de autos"},"content":{"rendered":"\n<figure class=\"wp-block-image size-large\"><img loading=\"lazy\" decoding=\"async\" width=\"1024\" height=\"623\" src=\"https:\/\/www.radiointeractivo.com.mx\/wp-content\/uploads\/2023\/11\/WhatsApp-Image-2023-11-28-at-4.27.57-PM-1024x623.jpeg\" alt=\"\" class=\"wp-image-4498\" srcset=\"https:\/\/www.radiointeractivo.com.mx\/wp-content\/uploads\/2023\/11\/WhatsApp-Image-2023-11-28-at-4.27.57-PM-1024x623.jpeg 1024w, https:\/\/www.radiointeractivo.com.mx\/wp-content\/uploads\/2023\/11\/WhatsApp-Image-2023-11-28-at-4.27.57-PM-300x182.jpeg 300w, https:\/\/www.radiointeractivo.com.mx\/wp-content\/uploads\/2023\/11\/WhatsApp-Image-2023-11-28-at-4.27.57-PM-768x467.jpeg 768w, https:\/\/www.radiointeractivo.com.mx\/wp-content\/uploads\/2023\/11\/WhatsApp-Image-2023-11-28-at-4.27.57-PM-1536x934.jpeg 1536w, https:\/\/www.radiointeractivo.com.mx\/wp-content\/uploads\/2023\/11\/WhatsApp-Image-2023-11-28-at-4.27.57-PM.jpeg 1600w\" sizes=\"auto, (max-width: 1024px) 100vw, 1024px\" \/><\/figure>\n\n\n\n<p>-El dinero se destina a rehabilitaci\u00f3n de vialidades; unidades se incorporan al padr\u00f3n vehicular y pueden ser identificadas si se ven involucradas en hechos delictivos<\/p>\n\n\n\n<p>Por: Agencias<\/p>\n\n\n\n<p>Ciudad Victoria, Tamaulipas. &#8211; El Programa de Regularizaci\u00f3n de Veh\u00edculos de Procedencia Extranjera ha dejado m\u00faltiples beneficios a las y los tamaulipecos, pues adem\u00e1s de garantizar la propiedad leg\u00edtima de su patrimonio y de favorecer el Estado de derecho, tambi\u00e9n aporta recursos para un intenso programa de bacheo que se lleva a cabo en diversos municipios del estado.<\/p>\n\n\n\n<p>Durante la conferencia de prensa ma\u00f1anera del presidente Andr\u00e9s Manuel L\u00f3pez Obrador, este martes en Palacio Nacional, la secretaria de Seguridad y Protecci\u00f3n Ciudadana, Rosa Icela Rodr\u00edguez Vel\u00e1zquez dio a conocer que el Gobierno de Tamaulipas ha recibido ingresos por 835 millones 567 mil 500 pesos, producto de la regularizaci\u00f3n de 334 mil 227 veh\u00edculos.<\/p>\n\n\n\n<p>Gracias a este programa, que opera a trav\u00e9s de 13 m\u00f3dulos en el estado, el Gobierno de Tamaulipas no solo ha recibido recursos que se destinan \u00edntegramente a la rehabilitaci\u00f3n de vialidades, sino que ha permitido ampliar el padr\u00f3n vehicular debidamente acreditado y poder identificarlo en caso de que una de estas unidades se vea involucrada en hechos delictivos o de inseguridad.<\/p>\n\n\n\n<p>Desde el inicio del programa dispuesto por el presidente Andr\u00e9s Manuel L\u00f3pez Obrador, el Gobierno de Tamaulipas ha exhortado a la ciudadan\u00eda que posee un auto de procedencia extranjera a acudir a los m\u00f3dulos y cumplir con las disposiciones oficiales a fin de poder legitimar la propiedad de su veh\u00edculo para bienestar de su familia.<\/p>\n\n\n\n<p>Actualmente, en Tamaulipas operan 13 m\u00f3dulos del Registro P\u00fablico Vehicular: En Reynosa dos, en Matamoros dos, al igual que en Nuevo Laredo y un m\u00f3dulo en los municipios de Valle Hermoso, R\u00edo Bravo, San Fernando, Tampico, Victoria, Mante y D\u00edaz Ordaz, respectivamente.<\/p>\n\n\n\n<p>Durante la conferencia de prensa de este d\u00eda, la secretaria de Seguridad, Rosa Icela Rodr\u00edguez dio a conocer que del 19 de marzo de 2022 al 27 de noviembre de 2023, se han regularizado un mill\u00f3n 906 mil 815 autos de procedencia extranjera y anunci\u00f3 que a partir del 1 de diciembre se incorporan a este programa unidades procedentes de Asia y Europa que se comercializan en Estados Unidos o Canad\u00e1.<\/p>\n","protected":false},"excerpt":{"rendered":"<p>-El dinero se destina a rehabilitaci\u00f3n de vialidades; unidades se incorporan al padr\u00f3n vehicular y pueden ser identificadas si se ven involucradas en hechos delictivos Por: Agencias Ciudad Victoria, Tamaulipas. &#8211; El Programa de Regularizaci\u00f3n de Veh\u00edculos de Procedencia Extranjera ha dejado m\u00faltiples beneficios a las y los tamaulipecos, pues adem\u00e1s de garantizar la propiedad &hellip;<\/p>\n","protected":false},"author":1,"featured_media":4498,"comment_status":"open","ping_status":"open","sticky":false,"template":"","format":"standard","meta":{"footnotes":""},"categories":[39],"tags":[],"class_list":["post-4497","post","type-post","status-publish","format-standard","has-post-thumbnail","","category-tamaulipas"],"_links":{"self":[{"href":"https:\/\/www.radiointeractivo.com.mx\/index.php?rest_route=\/wp\/v2\/posts\/4497","targetHints":{"allow":["GET"]}}],"collection":[{"href":"https:\/\/www.radiointeractivo.com.mx\/index.php?rest_route=\/wp\/v2\/posts"}],"about":[{"href":"https:\/\/www.radiointeractivo.com.mx\/index.php?rest_route=\/wp\/v2\/types\/post"}],"author":[{"embeddable":true,"href":"https:\/\/www.radiointeractivo.com.mx\/index.php?rest_route=\/wp\/v2\/users\/1"}],"replies":[{"embeddable":true,"href":"https:\/\/www.radiointeractivo.com.mx\/index.php?rest_route=%2Fwp%2Fv2%2Fcomments&post=4497"}],"version-history":[{"count":1,"href":"https:\/\/www.radiointeractivo.com.mx\/index.php?rest_route=\/wp\/v2\/posts\/4497\/revisions"}],"predecessor-version":[{"id":4499,"href":"https:\/\/www.radiointeractivo.com.mx\/index.php?rest_route=\/wp\/v2\/posts\/4497\/revisions\/4499"}],"wp:featuredmedia":[{"embeddable":true,"href":"https:\/\/www.radiointeractivo.com.mx\/index.php?rest_route=\/wp\/v2\/media\/4498"}],"wp:attachment":[{"href":"https:\/\/www.radiointeractivo.com.mx\/index.php?rest_route=%2Fwp%2Fv2%2Fmedia&parent=4497"}],"wp:term":[{"taxonomy":"category","embeddable":true,"href":"https:\/\/www.radiointeractivo.com.mx\/index.php?rest_route=%2Fwp%2Fv2%2Fcategories&post=4497"},{"taxonomy":"post_tag","embeddable":true,"href":"https:\/\/www.radiointeractivo.com.mx\/index.php?rest_route=%2Fwp%2Fv2%2Ftags&post=4497"}],"curies":[{"name":"wp","href":"https:\/\/api.w.org\/{rel}","templated":true}]}}