{"id":4469,"date":"2023-11-28T11:15:22","date_gmt":"2023-11-28T17:15:22","guid":{"rendered":"https:\/\/www.radiointeractivo.com.mx\/?p=4469"},"modified":"2023-11-28T11:20:01","modified_gmt":"2023-11-28T17:20:01","slug":"noviembre-27-de-2023","status":"publish","type":"post","link":"https:\/\/www.radiointeractivo.com.mx\/?p=4469","title":{"rendered":"Tamaulipas establece acuerdos y colaboraciones en Reuni\u00f3n Nacional de Cultura 2023"},"content":{"rendered":"\n<figure class=\"wp-block-image size-large\"><img loading=\"lazy\" decoding=\"async\" width=\"1024\" height=\"576\" src=\"https:\/\/www.radiointeractivo.com.mx\/wp-content\/uploads\/2023\/11\/WhatsApp-Image-2023-11-27-at-8.33.41-PM-1-1024x576.jpeg\" alt=\"\" class=\"wp-image-4473\" srcset=\"https:\/\/www.radiointeractivo.com.mx\/wp-content\/uploads\/2023\/11\/WhatsApp-Image-2023-11-27-at-8.33.41-PM-1-1024x576.jpeg 1024w, https:\/\/www.radiointeractivo.com.mx\/wp-content\/uploads\/2023\/11\/WhatsApp-Image-2023-11-27-at-8.33.41-PM-1-300x169.jpeg 300w, https:\/\/www.radiointeractivo.com.mx\/wp-content\/uploads\/2023\/11\/WhatsApp-Image-2023-11-27-at-8.33.41-PM-1-768x432.jpeg 768w, https:\/\/www.radiointeractivo.com.mx\/wp-content\/uploads\/2023\/11\/WhatsApp-Image-2023-11-27-at-8.33.41-PM-1-1536x864.jpeg 1536w, https:\/\/www.radiointeractivo.com.mx\/wp-content\/uploads\/2023\/11\/WhatsApp-Image-2023-11-27-at-8.33.41-PM-1.jpeg 1600w\" sizes=\"auto, (max-width: 1024px) 100vw, 1024px\" \/><\/figure>\n\n\n\n<p>Por: Agencias<\/p>\n\n\n\n<p>La Paz, Baja California .- En cumplimiento a la encomienda del gobernador Am\u00e9rico Villarreal Anaya, Brenda Denisse de la Cruz L\u00f3pez, directora general del Instituto Tamaulipeco para la Cultura y las Artes, participa en la Reuni\u00f3n Nacional de Cultura 2023, con la misi\u00f3n de establecer acuerdos beneficiosos para los programas del a\u00f1o 2024.<\/p>\n\n\n\n<p>Su presencia en este evento de relevancia nacional, destaca la importancia de la colaboraci\u00f3n entre las instancias gubernamentales y otros estados de la Rep\u00fablica.<\/p>\n\n\n\n<p>Siendo un evento anual de suma importancia, fue inaugurado este d\u00eda en La Paz, Baja California, con el prop\u00f3sito de coordinar, analizar y evaluar las pol\u00edticas p\u00fablicas nacionales relacionadas con el acceso a la cultura y el disfrute de bienes y servicios culturales en todo el pa\u00eds.<\/p>\n\n\n\n<p>\u201cEn el Gobierno del Estado de Tamaulipas trabajamos arduamente, para devolverle a las y los tamaulipecos lo que por derecho les corresponde y por convicci\u00f3n les entregamos. Unidos por un solo Tamaulipas, por una misma sociedad, en el Instituto Tamaulipeco para la Cultura y las Artes, redoblamos nuestros esfuerzos porque sabemos que la fortaleza de los pueblos, la trascendencia de la vida, est\u00e1 en la cultura y porque la expresi\u00f3n m\u00e1s sublime del ser humano la encontramos en el arte&#8221;, expres\u00f3 Brenda Denisse de la Cruz L\u00f3pez.<\/p>\n\n\n\n<p>&#8220;Estamos convencidos de que la esperanza, la transformaci\u00f3n y el bienestar debe llegar a cada poblado, a cada ciudad, a cada ni\u00f1a, ni\u00f1o y adolescente, a cada ciudadano y a trav\u00e9s del arte, lograr un desarrollo pleno e integral, para que los ciudadanos tamaulipecos sepan que tienen un gobierno sensible que los respalda y estimula sus sue\u00f1os con acciones&#8221;, refiri\u00f3 la titular del ITCA.<\/p>\n\n\n\n<p>Durante esta reuni\u00f3n, se llevaron a cabo jornadas que incluyeron reuniones por regi\u00f3n, plenarias y bilaterales, dise\u00f1adas para fortalecer la colaboraci\u00f3n entre la federaci\u00f3n y las entidades federativas. Este espacio de di\u00e1logo y reflexi\u00f3n busca fomentar la promoci\u00f3n y respeto de los derechos culturales a nivel nacional.<\/p>\n\n\n\n<p>Finalmente a\u00f1adi\u00f3 la funcionaria estatal, que la Reuni\u00f3n Nacional de Cultura 2023, es un paso significativo hacia el fortalecimiento de las pol\u00edticas culturales, consolidando alianzas y promoviendo el acceso equitativo a la cultura en todo el territorio nacional.<\/p>\n\n\n\n<p><\/p>\n","protected":false},"excerpt":{"rendered":"<p>Por: Agencias La Paz, Baja California .- En cumplimiento a la encomienda del gobernador Am\u00e9rico Villarreal Anaya, Brenda Denisse de la Cruz L\u00f3pez, directora general del Instituto Tamaulipeco para la Cultura y las Artes, participa en la Reuni\u00f3n Nacional de Cultura 2023, con la misi\u00f3n de establecer acuerdos beneficiosos para los programas del a\u00f1o 2024. &hellip;<\/p>\n","protected":false},"author":1,"featured_media":4470,"comment_status":"open","ping_status":"open","sticky":false,"template":"","format":"standard","meta":{"footnotes":""},"categories":[39],"tags":[],"class_list":["post-4469","post","type-post","status-publish","format-standard","has-post-thumbnail","","category-tamaulipas"],"_links":{"self":[{"href":"https:\/\/www.radiointeractivo.com.mx\/index.php?rest_route=\/wp\/v2\/posts\/4469","targetHints":{"allow":["GET"]}}],"collection":[{"href":"https:\/\/www.radiointeractivo.com.mx\/index.php?rest_route=\/wp\/v2\/posts"}],"about":[{"href":"https:\/\/www.radiointeractivo.com.mx\/index.php?rest_route=\/wp\/v2\/types\/post"}],"author":[{"embeddable":true,"href":"https:\/\/www.radiointeractivo.com.mx\/index.php?rest_route=\/wp\/v2\/users\/1"}],"replies":[{"embeddable":true,"href":"https:\/\/www.radiointeractivo.com.mx\/index.php?rest_route=%2Fwp%2Fv2%2Fcomments&post=4469"}],"version-history":[{"count":2,"href":"https:\/\/www.radiointeractivo.com.mx\/index.php?rest_route=\/wp\/v2\/posts\/4469\/revisions"}],"predecessor-version":[{"id":4474,"href":"https:\/\/www.radiointeractivo.com.mx\/index.php?rest_route=\/wp\/v2\/posts\/4469\/revisions\/4474"}],"wp:featuredmedia":[{"embeddable":true,"href":"https:\/\/www.radiointeractivo.com.mx\/index.php?rest_route=\/wp\/v2\/media\/4470"}],"wp:attachment":[{"href":"https:\/\/www.radiointeractivo.com.mx\/index.php?rest_route=%2Fwp%2Fv2%2Fmedia&parent=4469"}],"wp:term":[{"taxonomy":"category","embeddable":true,"href":"https:\/\/www.radiointeractivo.com.mx\/index.php?rest_route=%2Fwp%2Fv2%2Fcategories&post=4469"},{"taxonomy":"post_tag","embeddable":true,"href":"https:\/\/www.radiointeractivo.com.mx\/index.php?rest_route=%2Fwp%2Fv2%2Ftags&post=4469"}],"curies":[{"name":"wp","href":"https:\/\/api.w.org\/{rel}","templated":true}]}}