{"id":4463,"date":"2023-11-28T11:12:31","date_gmt":"2023-11-28T17:12:31","guid":{"rendered":"https:\/\/www.radiointeractivo.com.mx\/?p=4463"},"modified":"2023-11-28T11:12:32","modified_gmt":"2023-11-28T17:12:32","slug":"tamaulipas-fortalece-alianzas-en-la-conferencia-nacional-de-secretarios-de-turismo-y-funcionarios-turisticos-2023","status":"publish","type":"post","link":"https:\/\/www.radiointeractivo.com.mx\/?p=4463","title":{"rendered":"Tamaulipas fortalece alianzas en la \u201cConferencia Nacional de Secretarios de Turismo y Funcionarios Tur\u00edsticos 2023\u201d"},"content":{"rendered":"\n<figure class=\"wp-block-image size-large\"><img loading=\"lazy\" decoding=\"async\" width=\"1024\" height=\"768\" src=\"https:\/\/www.radiointeractivo.com.mx\/wp-content\/uploads\/2023\/11\/WhatsApp-Image-2023-11-27-at-7.29.06-PM-1024x768.jpeg\" alt=\"\" class=\"wp-image-4464\" srcset=\"https:\/\/www.radiointeractivo.com.mx\/wp-content\/uploads\/2023\/11\/WhatsApp-Image-2023-11-27-at-7.29.06-PM-1024x768.jpeg 1024w, https:\/\/www.radiointeractivo.com.mx\/wp-content\/uploads\/2023\/11\/WhatsApp-Image-2023-11-27-at-7.29.06-PM-300x225.jpeg 300w, https:\/\/www.radiointeractivo.com.mx\/wp-content\/uploads\/2023\/11\/WhatsApp-Image-2023-11-27-at-7.29.06-PM-768x576.jpeg 768w, https:\/\/www.radiointeractivo.com.mx\/wp-content\/uploads\/2023\/11\/WhatsApp-Image-2023-11-27-at-7.29.06-PM-1536x1152.jpeg 1536w, https:\/\/www.radiointeractivo.com.mx\/wp-content\/uploads\/2023\/11\/WhatsApp-Image-2023-11-27-at-7.29.06-PM.jpeg 1600w\" sizes=\"auto, (max-width: 1024px) 100vw, 1024px\" \/><\/figure>\n\n\n\n<p>-Trabajos que representan diversidad de actividades en el ramo tur\u00edstico con altos est\u00e1ndares de calidad que impacten el bienestar social, seguridad terrestre y atenci\u00f3n para visitantes<\/p>\n\n\n\n<p>Por: Agencias<\/p>\n\n\n\n<p>Ciudad de M\u00e9xico. -El secretario de Turismo del estado, Benjam\u00edn Hern\u00e1ndez Rodr\u00edguez, particip\u00f3 en la primera Sesi\u00f3n Ordinaria de la \u201cConferencia Nacional de Secretarios de Turismo y Funcionarios Tur\u00edsticos 2023\u201d, liderada por el secretario de Turismo del Gobierno de M\u00e9xico, Miguel Torruco Marqu\u00e9s. En este encuentro, se subray\u00f3 la importancia del trabajo conjunto entre los diferentes niveles de gobierno para impulsar la diversificaci\u00f3n de la actividad tur\u00edstica y asegurar que sus beneficios alcancen a comunidades de todo el pa\u00eds.<\/p>\n\n\n\n<p>Entre los temas clave abordados durante la conferencia se encuentra el seguimiento al proyecto del &#8220;Tren Maya&#8221;, presentado por el general D.E.M. Oscar David Lozano \u00c1guila, director general de la Empresa de Participaci\u00f3n Estatal Mayoritaria Tren Maya S.A. de C.V. Este proyecto busca generar un impacto multisectorial en el sureste del pa\u00eds, promoviendo el progreso y bienestar de la poblaci\u00f3n.<\/p>\n\n\n\n<p>Otra acci\u00f3n destacada es la presentaci\u00f3n del convenio de coordinaci\u00f3n en materia de verificaci\u00f3n, a cargo de Cesar Garizurieta Vega, director general de Normalizaci\u00f3n y Verificaci\u00f3n de la Secretar\u00eda de Turismo. Este convenio permite a la autoridad estatal verificar el cumplimiento de los est\u00e1ndares de calidad de los prestadores de servicios tur\u00edsticos, garantizando una experiencia de calidad para los visitantes.<\/p>\n\n\n\n<p>En el \u00e1mbito de seguridad, se abord\u00f3 el tema del autotransporte federal terrestre y la depuraci\u00f3n del padr\u00f3n de transporte tur\u00edstico municipal, presentado por Alejandro Z\u00fa\u00f1iga Bernal, director general de Servicios al Turista \u00c1ngeles Verdes. Se resalt\u00f3 la firma reciente del convenio de \u00c1ngeles Verdes con el estado de Tamaulipas, fortaleciendo la atenci\u00f3n a los visitantes que acuden a la entidad.<\/p>\n\n\n\n<p>Y como \u00faltimo punto, la presentaci\u00f3n del tema \u201cAn\u00e1lisis del Marco Normativo en materia de Turismo 2019-2024\u201d, participando el Alejandro Aguilera G\u00f3mez, titular de la Unidad de Informaci\u00f3n y Seguimiento. Se destac\u00f3 el Tianguis de Pueblo M\u00e1gicos 2023 al hablar de la importancia de estos sitios, como detonante de la diversificaci\u00f3n tur\u00edstica y de la econom\u00eda de las comunidades.<\/p>\n\n\n\n<p>Durante la reuni\u00f3n, Benjam\u00edn Hern\u00e1ndez Rodr\u00edguez comparti\u00f3 experiencias, y buenas pr\u00e1cticas, buscando sinergias con otros secretarios de Turismo estatales. Destac\u00f3 su intercambio productivo con el secretario de Turismo de Guerrero, Santos Ram\u00edrez Cuevas, con quien platic\u00f3 de estrategias para revitalizar el despu\u00e9s de los da\u00f1os causados por el hurac\u00e1n Otis.<\/p>\n\n\n\n<p>La participaci\u00f3n activa de Tamaulipas en la Conferencia Nacional de Secretarios de Turismo y Funcionarios Tur\u00edsticos, demuestra un enfoque proactivo en la b\u00fasqueda de soluciones colaborativas para el desarrollo tur\u00edstico, reafirmando la relevancia de este evento como una herramienta normativa y vinculante para la planificaci\u00f3n y ejecuci\u00f3n de pol\u00edticas tur\u00edsticas a nivel nacional.<\/p>\n\n\n\n<p>La Secretar\u00eda de Turismo de Tamaulipas, bajo la direcci\u00f3n de Benjam\u00edn Hern\u00e1ndez Rodr\u00edguez, ha demostrado un compromiso significativo en la materializaci\u00f3n de acciones que fortalezcan el desarrollo tur\u00edstico en la entidad, alineadas con el Plan Estatal de Desarrollo propuesto por el gobernador Am\u00e9rico Villarreal Anaya. Estas iniciativas buscan convertir al turismo en un verdadero motor econ\u00f3mico para Tamaulipas.<\/p>\n","protected":false},"excerpt":{"rendered":"<p>-Trabajos que representan diversidad de actividades en el ramo tur\u00edstico con altos est\u00e1ndares de calidad que impacten el bienestar social, seguridad terrestre y atenci\u00f3n para visitantes Por: Agencias Ciudad de M\u00e9xico. -El secretario de Turismo del estado, Benjam\u00edn Hern\u00e1ndez Rodr\u00edguez, particip\u00f3 en la primera Sesi\u00f3n Ordinaria de la \u201cConferencia Nacional de Secretarios de Turismo y &hellip;<\/p>\n","protected":false},"author":1,"featured_media":4464,"comment_status":"open","ping_status":"open","sticky":false,"template":"","format":"standard","meta":{"footnotes":""},"categories":[39],"tags":[],"class_list":["post-4463","post","type-post","status-publish","format-standard","has-post-thumbnail","","category-tamaulipas"],"_links":{"self":[{"href":"https:\/\/www.radiointeractivo.com.mx\/index.php?rest_route=\/wp\/v2\/posts\/4463","targetHints":{"allow":["GET"]}}],"collection":[{"href":"https:\/\/www.radiointeractivo.com.mx\/index.php?rest_route=\/wp\/v2\/posts"}],"about":[{"href":"https:\/\/www.radiointeractivo.com.mx\/index.php?rest_route=\/wp\/v2\/types\/post"}],"author":[{"embeddable":true,"href":"https:\/\/www.radiointeractivo.com.mx\/index.php?rest_route=\/wp\/v2\/users\/1"}],"replies":[{"embeddable":true,"href":"https:\/\/www.radiointeractivo.com.mx\/index.php?rest_route=%2Fwp%2Fv2%2Fcomments&post=4463"}],"version-history":[{"count":1,"href":"https:\/\/www.radiointeractivo.com.mx\/index.php?rest_route=\/wp\/v2\/posts\/4463\/revisions"}],"predecessor-version":[{"id":4465,"href":"https:\/\/www.radiointeractivo.com.mx\/index.php?rest_route=\/wp\/v2\/posts\/4463\/revisions\/4465"}],"wp:featuredmedia":[{"embeddable":true,"href":"https:\/\/www.radiointeractivo.com.mx\/index.php?rest_route=\/wp\/v2\/media\/4464"}],"wp:attachment":[{"href":"https:\/\/www.radiointeractivo.com.mx\/index.php?rest_route=%2Fwp%2Fv2%2Fmedia&parent=4463"}],"wp:term":[{"taxonomy":"category","embeddable":true,"href":"https:\/\/www.radiointeractivo.com.mx\/index.php?rest_route=%2Fwp%2Fv2%2Fcategories&post=4463"},{"taxonomy":"post_tag","embeddable":true,"href":"https:\/\/www.radiointeractivo.com.mx\/index.php?rest_route=%2Fwp%2Fv2%2Ftags&post=4463"}],"curies":[{"name":"wp","href":"https:\/\/api.w.org\/{rel}","templated":true}]}}