{"id":4449,"date":"2023-11-27T20:29:59","date_gmt":"2023-11-28T02:29:59","guid":{"rendered":"https:\/\/www.radiointeractivo.com.mx\/?p=4449"},"modified":"2023-11-27T20:30:00","modified_gmt":"2023-11-28T02:30:00","slug":"tamaulipecas-son-historicas-para-el-voleibol-mexicano-juvenil","status":"publish","type":"post","link":"https:\/\/www.radiointeractivo.com.mx\/?p=4449","title":{"rendered":"Tamaulipecas son hist\u00f3ricas para el voleibol mexicano juvenil"},"content":{"rendered":"\n<figure class=\"wp-block-image size-large\"><img loading=\"lazy\" decoding=\"async\" width=\"1024\" height=\"683\" src=\"https:\/\/www.radiointeractivo.com.mx\/wp-content\/uploads\/2023\/11\/WhatsApp-Image-2023-11-27-at-6.12.59-PM-1024x683.jpeg\" alt=\"\" class=\"wp-image-4450\" srcset=\"https:\/\/www.radiointeractivo.com.mx\/wp-content\/uploads\/2023\/11\/WhatsApp-Image-2023-11-27-at-6.12.59-PM-1024x683.jpeg 1024w, https:\/\/www.radiointeractivo.com.mx\/wp-content\/uploads\/2023\/11\/WhatsApp-Image-2023-11-27-at-6.12.59-PM-300x200.jpeg 300w, https:\/\/www.radiointeractivo.com.mx\/wp-content\/uploads\/2023\/11\/WhatsApp-Image-2023-11-27-at-6.12.59-PM-768x512.jpeg 768w, https:\/\/www.radiointeractivo.com.mx\/wp-content\/uploads\/2023\/11\/WhatsApp-Image-2023-11-27-at-6.12.59-PM.jpeg 1080w\" sizes=\"auto, (max-width: 1024px) 100vw, 1024px\" \/><\/figure>\n\n\n\n<p>Por: Agencias<\/p>\n\n\n\n<p>Ciudad Victoria Tamaulipas. -Las jugadoras Yliana Rub\u00ed Z\u00fa\u00f1iga Garza y Gabriella Garza Rangel, as\u00ed como las entrenadoras Olivia Gonz\u00e1lez Silva y Judith G\u00e1tica Sifuentes, hicieron historia en el voleibol juvenil en M\u00e9xico, despu\u00e9s que lograran la clasificaci\u00f3n a la Copa del Mundo Sub-17 como campeonas del NORCECA Clasificatorio que se realiz\u00f3 en Honduras durante la semana anterior.<\/p>\n\n\n\n<p>Rub\u00ed Z\u00fa\u00f1iga, oriunda de Matamoros y Gabriella Garza de San Fernando, formaron parte de las jugadoras convocadas para esta justa continental que otorg\u00f3 cuatro boletos a la Copa del Mundo a realizarse en el 2024. Por su parte, las entrenadoras victorenses Olivia Gonz\u00e1lez y Judith Gatica, acudieron como auxiliares del cuerpo t\u00e9cnico.<\/p>\n\n\n\n<p>La Selecci\u00f3n Mexicana tuvo que superar a equipos como Honduras, Nicaragua y Cuba en fase de grupos, mientras que en semifinales logr\u00f3 derrotar a Canad\u00e1.<\/p>\n\n\n\n<p>En la final se enfrent\u00f3 al poderoso Puerto Rico, quien ya hab\u00eda derrotado a M\u00e9xico en su partido debut de este torneo, pero ahora tomaron revancha las mexicanas y en lo que fue un partidazo lograron la victoria y el t\u00edtulo tras derrotar a las puertorrique\u00f1as tres sets por dos (3-2).<\/p>\n\n\n\n<p>La tamaulipeca Yliana Rub\u00ed Z\u00fa\u00f1iga fue de las voleibolistas m\u00e1s destacadas del equipo mexicano y del torneo en general al liderar en puntos en varios encuentros, e incluso en la final. Con este resultado, la Selecci\u00f3n Mexicana Sub-17 junto a las j\u00f3venes y entrenadoras tamaulipecas, disputar\u00e1n la Copa del Mundo que se realizar\u00e1 en los pr\u00f3ximos meses.<\/p>\n","protected":false},"excerpt":{"rendered":"<p>Por: Agencias Ciudad Victoria Tamaulipas. -Las jugadoras Yliana Rub\u00ed Z\u00fa\u00f1iga Garza y Gabriella Garza Rangel, as\u00ed como las entrenadoras Olivia Gonz\u00e1lez Silva y Judith G\u00e1tica Sifuentes, hicieron historia en el voleibol juvenil en M\u00e9xico, despu\u00e9s que lograran la clasificaci\u00f3n a la Copa del Mundo Sub-17 como campeonas del NORCECA Clasificatorio que se realiz\u00f3 en Honduras &hellip;<\/p>\n","protected":false},"author":1,"featured_media":4450,"comment_status":"open","ping_status":"open","sticky":false,"template":"","format":"standard","meta":{"footnotes":""},"categories":[39],"tags":[],"class_list":["post-4449","post","type-post","status-publish","format-standard","has-post-thumbnail","","category-tamaulipas"],"_links":{"self":[{"href":"https:\/\/www.radiointeractivo.com.mx\/index.php?rest_route=\/wp\/v2\/posts\/4449","targetHints":{"allow":["GET"]}}],"collection":[{"href":"https:\/\/www.radiointeractivo.com.mx\/index.php?rest_route=\/wp\/v2\/posts"}],"about":[{"href":"https:\/\/www.radiointeractivo.com.mx\/index.php?rest_route=\/wp\/v2\/types\/post"}],"author":[{"embeddable":true,"href":"https:\/\/www.radiointeractivo.com.mx\/index.php?rest_route=\/wp\/v2\/users\/1"}],"replies":[{"embeddable":true,"href":"https:\/\/www.radiointeractivo.com.mx\/index.php?rest_route=%2Fwp%2Fv2%2Fcomments&post=4449"}],"version-history":[{"count":1,"href":"https:\/\/www.radiointeractivo.com.mx\/index.php?rest_route=\/wp\/v2\/posts\/4449\/revisions"}],"predecessor-version":[{"id":4451,"href":"https:\/\/www.radiointeractivo.com.mx\/index.php?rest_route=\/wp\/v2\/posts\/4449\/revisions\/4451"}],"wp:featuredmedia":[{"embeddable":true,"href":"https:\/\/www.radiointeractivo.com.mx\/index.php?rest_route=\/wp\/v2\/media\/4450"}],"wp:attachment":[{"href":"https:\/\/www.radiointeractivo.com.mx\/index.php?rest_route=%2Fwp%2Fv2%2Fmedia&parent=4449"}],"wp:term":[{"taxonomy":"category","embeddable":true,"href":"https:\/\/www.radiointeractivo.com.mx\/index.php?rest_route=%2Fwp%2Fv2%2Fcategories&post=4449"},{"taxonomy":"post_tag","embeddable":true,"href":"https:\/\/www.radiointeractivo.com.mx\/index.php?rest_route=%2Fwp%2Fv2%2Ftags&post=4449"}],"curies":[{"name":"wp","href":"https:\/\/api.w.org\/{rel}","templated":true}]}}