{"id":4446,"date":"2023-11-27T20:28:58","date_gmt":"2023-11-28T02:28:58","guid":{"rendered":"https:\/\/www.radiointeractivo.com.mx\/?p=4446"},"modified":"2023-11-27T20:28:59","modified_gmt":"2023-11-28T02:28:59","slug":"se-reunen-desarrollo-rural-estatal-e-inegi-para-conocer-censo-agropecuario-2022-en-tamaulipas","status":"publish","type":"post","link":"https:\/\/www.radiointeractivo.com.mx\/?p=4446","title":{"rendered":"Se re\u00fanen Desarrollo Rural Estatal e INEGI para conocer Censo Agropecuario 2022 en Tamaulipas"},"content":{"rendered":"\n<figure class=\"wp-block-image size-large\"><img loading=\"lazy\" decoding=\"async\" width=\"1024\" height=\"683\" src=\"https:\/\/www.radiointeractivo.com.mx\/wp-content\/uploads\/2023\/11\/WhatsApp-Image-2023-11-27-at-5.33.35-PM-1024x683.jpeg\" alt=\"\" class=\"wp-image-4447\" srcset=\"https:\/\/www.radiointeractivo.com.mx\/wp-content\/uploads\/2023\/11\/WhatsApp-Image-2023-11-27-at-5.33.35-PM-1024x683.jpeg 1024w, https:\/\/www.radiointeractivo.com.mx\/wp-content\/uploads\/2023\/11\/WhatsApp-Image-2023-11-27-at-5.33.35-PM-300x200.jpeg 300w, https:\/\/www.radiointeractivo.com.mx\/wp-content\/uploads\/2023\/11\/WhatsApp-Image-2023-11-27-at-5.33.35-PM-768x512.jpeg 768w, https:\/\/www.radiointeractivo.com.mx\/wp-content\/uploads\/2023\/11\/WhatsApp-Image-2023-11-27-at-5.33.35-PM-1536x1024.jpeg 1536w, https:\/\/www.radiointeractivo.com.mx\/wp-content\/uploads\/2023\/11\/WhatsApp-Image-2023-11-27-at-5.33.35-PM.jpeg 1599w\" sizes=\"auto, (max-width: 1024px) 100vw, 1024px\" \/><\/figure>\n\n\n\n<p>-Analizan resultados de crecimiento, aprovechamiento y acciones de protecci\u00f3n de actividades agr\u00edcolas, ganaderas y forestales<\/p>\n\n\n\n<p>Noviembre 27 de 2023<\/p>\n\n\n\n<p>Ciudad Victoria, Tamaulipas-. El secretario de Desarrollo Rural, Pesca y Acuacultura,<br>D\u00e1maso Anaya Alvarado se reuni\u00f3 con representantes del Instituto Nacional de Estad\u00edstica y Geograf\u00eda (INEGI), en donde se dieron a conocer los resultados definitivos del Censo Agropecuario 2022 en el estado de Tamaulipas, lo que permite tener un contexto global del sector agropecuario y forestal.<\/p>\n\n\n\n<p>El objetivo del censo es ofrecer a la sociedad informaci\u00f3n de calidad sobre las actividades agr\u00edcolas, ganaderas y forestales, adem\u00e1s de dicha informaci\u00f3n abarca la siembra y cosecha de especies agr\u00edcolas, as\u00ed como la cr\u00eda, producci\u00f3n, explotaci\u00f3n y autoconsumo de animales.<\/p>\n\n\n\n<p>\u201cDicha informaci\u00f3n corresponde al a\u00f1o agr\u00edcola, que comprende de octubre de 2021 a septiembre de 2022, donde se muestra de manera precisa y clara datos de los cultivos anuales correspondientes al ciclo primavera-verano y al oto\u00f1o-invierno, adem\u00e1s de informaci\u00f3n de los cultivos perennes\u201d, se\u00f1al\u00f3 Marco Antonio Chapa Mart\u00ednez, coordinador estatal del INEGI en Tamaulipas.<\/p>\n\n\n\n<p>Por su parte, el titular de la dependencia estatal destac\u00f3 que en Tamaulipas, la superficie con uso o vocaci\u00f3n agropecuaria de aprovechamiento forestal suman 5.5 millones de hect\u00e1reas, de las cuales 2 millones 167 mil hect\u00e1reas se destinan a uso agr\u00edcola, destacando la ca\u00f1a de az\u00facar en los cultivos perennes con una superficie cultivada de 82 mil 355 hect\u00e1reas y una producci\u00f3n de m\u00e1s de 4 millones de toneladas.<\/p>\n\n\n\n<p>El secretario de Desarrollo Rural, Pesca y Acuacultura, D\u00e1maso Anaya Alvarado, inform\u00f3 que la producci\u00f3n agr\u00edcola en Tamaulipas es de 1 mill\u00f3n 600 mil hect\u00e1reas, de las cuales 1 mill\u00f3n 446 mil corresponden a \u00e1rea sembrada y el resto es superficie no sembrada.<\/p>\n\n\n\n<p>Destac\u00f3 que las unidades de producci\u00f3n agropecuaria y forestal en Tamaulipas suman 82 mil 559 y su superficie agr\u00edcola sum\u00f3 2 millones 167 mil hect\u00e1reas. De las anteriores 65 mil<br>328 son unidades de producci\u00f3n agropecuaria activas, y 59 corresponden a unidades de producci\u00f3n forestal, el resto corresponde a otro tipo de actividades.<\/p>\n\n\n\n<p>Seg\u00fan los resultados del Censo Agropecuario 2022, el sistema de producci\u00f3n en cuanto a la agricultura protegida en el estado ha presentado un importante crecimiento, permitiendo proteger a las plantas de plagas y enfermedades gracias a la tecnolog\u00eda e infraestructura, lo que se ha traducido en un mejor rendimiento.<\/p>\n\n\n\n<p>Durante la reuni\u00f3n estuvieron presentes Roberto Aguirre Guerrero, subdirector estatal de Estad\u00edstica; H\u00e9ctor Leonardo Gal\u00e1n Salazar, subdirector estatal de Inform\u00e1tica y Promoci\u00f3n; C\u00e9sar Tirado Medina, jefe de Comit\u00e9 Estatal; C\u00e9sar Castillo G\u00f3mez, jefe estatal de Promoci\u00f3n y Concertaci\u00f3n; Cuauht\u00e9moc Amaya Garc\u00eda, subsecretario de Desarrollo Pecuario y Forestal y Guillermo Amaya Garc\u00eda, director de Evaluaci\u00f3n y Estad\u00edstica.<\/p>\n","protected":false},"excerpt":{"rendered":"<p>-Analizan resultados de crecimiento, aprovechamiento y acciones de protecci\u00f3n de actividades agr\u00edcolas, ganaderas y forestales Noviembre 27 de 2023 Ciudad Victoria, Tamaulipas-. El secretario de Desarrollo Rural, Pesca y Acuacultura,D\u00e1maso Anaya Alvarado se reuni\u00f3 con representantes del Instituto Nacional de Estad\u00edstica y Geograf\u00eda (INEGI), en donde se dieron a conocer los resultados definitivos del Censo &hellip;<\/p>\n","protected":false},"author":1,"featured_media":4447,"comment_status":"open","ping_status":"open","sticky":false,"template":"","format":"standard","meta":{"footnotes":""},"categories":[39],"tags":[],"class_list":["post-4446","post","type-post","status-publish","format-standard","has-post-thumbnail","","category-tamaulipas"],"_links":{"self":[{"href":"https:\/\/www.radiointeractivo.com.mx\/index.php?rest_route=\/wp\/v2\/posts\/4446","targetHints":{"allow":["GET"]}}],"collection":[{"href":"https:\/\/www.radiointeractivo.com.mx\/index.php?rest_route=\/wp\/v2\/posts"}],"about":[{"href":"https:\/\/www.radiointeractivo.com.mx\/index.php?rest_route=\/wp\/v2\/types\/post"}],"author":[{"embeddable":true,"href":"https:\/\/www.radiointeractivo.com.mx\/index.php?rest_route=\/wp\/v2\/users\/1"}],"replies":[{"embeddable":true,"href":"https:\/\/www.radiointeractivo.com.mx\/index.php?rest_route=%2Fwp%2Fv2%2Fcomments&post=4446"}],"version-history":[{"count":1,"href":"https:\/\/www.radiointeractivo.com.mx\/index.php?rest_route=\/wp\/v2\/posts\/4446\/revisions"}],"predecessor-version":[{"id":4448,"href":"https:\/\/www.radiointeractivo.com.mx\/index.php?rest_route=\/wp\/v2\/posts\/4446\/revisions\/4448"}],"wp:featuredmedia":[{"embeddable":true,"href":"https:\/\/www.radiointeractivo.com.mx\/index.php?rest_route=\/wp\/v2\/media\/4447"}],"wp:attachment":[{"href":"https:\/\/www.radiointeractivo.com.mx\/index.php?rest_route=%2Fwp%2Fv2%2Fmedia&parent=4446"}],"wp:term":[{"taxonomy":"category","embeddable":true,"href":"https:\/\/www.radiointeractivo.com.mx\/index.php?rest_route=%2Fwp%2Fv2%2Fcategories&post=4446"},{"taxonomy":"post_tag","embeddable":true,"href":"https:\/\/www.radiointeractivo.com.mx\/index.php?rest_route=%2Fwp%2Fv2%2Ftags&post=4446"}],"curies":[{"name":"wp","href":"https:\/\/api.w.org\/{rel}","templated":true}]}}