{"id":4401,"date":"2023-11-27T11:21:33","date_gmt":"2023-11-27T17:21:33","guid":{"rendered":"https:\/\/www.radiointeractivo.com.mx\/?p=4401"},"modified":"2023-11-27T11:21:34","modified_gmt":"2023-11-27T17:21:34","slug":"participan-tula-y-mier-en-edicion-2023-del-tianguis-de-pueblos-magicos","status":"publish","type":"post","link":"https:\/\/www.radiointeractivo.com.mx\/?p=4401","title":{"rendered":"Participan Tula y Mier en edici\u00f3n 2023 del Tianguis de Pueblos M\u00e1gicos"},"content":{"rendered":"\n<figure class=\"wp-block-image size-large\"><img loading=\"lazy\" decoding=\"async\" width=\"1024\" height=\"682\" src=\"https:\/\/www.radiointeractivo.com.mx\/wp-content\/uploads\/2023\/11\/WhatsApp-Image-2023-11-26-at-2.46.18-PM-1024x682.jpeg\" alt=\"\" class=\"wp-image-4402\" srcset=\"https:\/\/www.radiointeractivo.com.mx\/wp-content\/uploads\/2023\/11\/WhatsApp-Image-2023-11-26-at-2.46.18-PM-1024x682.jpeg 1024w, https:\/\/www.radiointeractivo.com.mx\/wp-content\/uploads\/2023\/11\/WhatsApp-Image-2023-11-26-at-2.46.18-PM-300x200.jpeg 300w, https:\/\/www.radiointeractivo.com.mx\/wp-content\/uploads\/2023\/11\/WhatsApp-Image-2023-11-26-at-2.46.18-PM-768x512.jpeg 768w, https:\/\/www.radiointeractivo.com.mx\/wp-content\/uploads\/2023\/11\/WhatsApp-Image-2023-11-26-at-2.46.18-PM-1536x1023.jpeg 1536w, https:\/\/www.radiointeractivo.com.mx\/wp-content\/uploads\/2023\/11\/WhatsApp-Image-2023-11-26-at-2.46.18-PM-310x205.jpeg 310w, https:\/\/www.radiointeractivo.com.mx\/wp-content\/uploads\/2023\/11\/WhatsApp-Image-2023-11-26-at-2.46.18-PM.jpeg 1600w\" sizes=\"auto, (max-width: 1024px) 100vw, 1024px\" \/><\/figure>\n\n\n\n<p>Por: Agencias<\/p>\n\n\n\n<p>Pachuca de Soto, Hidalgo.- Como parte de la estrategia dispuesta por el gobernador Am\u00e9rico Villarreal Anaya para posicionar a nuestro estado en el entorno tur\u00edstico nacional e internacional, Tamaulipas tom\u00f3 parte en la edici\u00f3n 2023 del Tianguis Pueblos M\u00e1gicos, celebrado en la ciudad de Pachuca, Hidalgo.<\/p>\n\n\n\n<p>El secretario de Turismo del estado, Benjam\u00edn Hern\u00e1ndez Rodr\u00edguez inform\u00f3 que una delegaci\u00f3n de los Pueblos M\u00e1gicos de Tula y Mier, asistieron a este magno evento en donde expusieron lo mejor de sus rutas tur\u00edsticas, artesan\u00edas, gastronom\u00eda y cultura, invitando a todos los asistentes a sumergirse en la riqueza natural y los atractivos de Tamaulipas.<\/p>\n\n\n\n<p>&#8220;Tenemos el compromiso de mostrar la riqueza y la historia del territorio que una vez fue conocido como la Costa del Seno Mexicano y que en su evoluci\u00f3n se convirti\u00f3 en un estado rico en tradiciones, amalgama de sabores y con un crecimiento vibrante&#8221;, se\u00f1al\u00f3 el secretario de Turismo.<\/p>\n\n\n\n<p>&#8220;La participaci\u00f3n de Tamaulipas en el Tianguis de Pueblos M\u00e1gicos 2023 en Pachuca, Hidalgo, es un paso estrat\u00e9gico para dar a conocer las innumerables virtudes con las que cuenta nuestro estado, en donde se ha puesto especial \u00e9nfasis en resaltar la magia que encierran nuestros pueblos m\u00e1gicos, Tula y Mier&#8221;, agreg\u00f3.<\/p>\n\n\n\n<p>Durante el Tianguis se presentaron los eventos que tienen lugar en Tamaulipas con el objetivo de atraer un mayor n\u00famero de visitantes y turistas, adem\u00e1s de que las delegaciones de Tula y Mier, llevaron a cabo la venta de artesan\u00edas t\u00edpicas de su comunidad y la degustaci\u00f3n de la variada gastronom\u00eda local.<\/p>\n\n\n\n<p>Como parte del evento, funcionarios de la secretar\u00eda de Turismo del estado, ofrecieron una rueda de prensa a fin de invitar a la realizaci\u00f3n de &#8220;Punto M\u00e9xico&#8221;, del que Tamaulipas ser\u00e1 anfitri\u00f3n del 1o. al 23 de diciembre.<\/p>\n","protected":false},"excerpt":{"rendered":"<p>Por: Agencias Pachuca de Soto, Hidalgo.- Como parte de la estrategia dispuesta por el gobernador Am\u00e9rico Villarreal Anaya para posicionar a nuestro estado en el entorno tur\u00edstico nacional e internacional, Tamaulipas tom\u00f3 parte en la edici\u00f3n 2023 del Tianguis Pueblos M\u00e1gicos, celebrado en la ciudad de Pachuca, Hidalgo. El secretario de Turismo del estado, Benjam\u00edn &hellip;<\/p>\n","protected":false},"author":1,"featured_media":4402,"comment_status":"open","ping_status":"open","sticky":false,"template":"","format":"standard","meta":{"footnotes":""},"categories":[39],"tags":[],"class_list":["post-4401","post","type-post","status-publish","format-standard","has-post-thumbnail","","category-tamaulipas"],"_links":{"self":[{"href":"https:\/\/www.radiointeractivo.com.mx\/index.php?rest_route=\/wp\/v2\/posts\/4401","targetHints":{"allow":["GET"]}}],"collection":[{"href":"https:\/\/www.radiointeractivo.com.mx\/index.php?rest_route=\/wp\/v2\/posts"}],"about":[{"href":"https:\/\/www.radiointeractivo.com.mx\/index.php?rest_route=\/wp\/v2\/types\/post"}],"author":[{"embeddable":true,"href":"https:\/\/www.radiointeractivo.com.mx\/index.php?rest_route=\/wp\/v2\/users\/1"}],"replies":[{"embeddable":true,"href":"https:\/\/www.radiointeractivo.com.mx\/index.php?rest_route=%2Fwp%2Fv2%2Fcomments&post=4401"}],"version-history":[{"count":1,"href":"https:\/\/www.radiointeractivo.com.mx\/index.php?rest_route=\/wp\/v2\/posts\/4401\/revisions"}],"predecessor-version":[{"id":4403,"href":"https:\/\/www.radiointeractivo.com.mx\/index.php?rest_route=\/wp\/v2\/posts\/4401\/revisions\/4403"}],"wp:featuredmedia":[{"embeddable":true,"href":"https:\/\/www.radiointeractivo.com.mx\/index.php?rest_route=\/wp\/v2\/media\/4402"}],"wp:attachment":[{"href":"https:\/\/www.radiointeractivo.com.mx\/index.php?rest_route=%2Fwp%2Fv2%2Fmedia&parent=4401"}],"wp:term":[{"taxonomy":"category","embeddable":true,"href":"https:\/\/www.radiointeractivo.com.mx\/index.php?rest_route=%2Fwp%2Fv2%2Fcategories&post=4401"},{"taxonomy":"post_tag","embeddable":true,"href":"https:\/\/www.radiointeractivo.com.mx\/index.php?rest_route=%2Fwp%2Fv2%2Ftags&post=4401"}],"curies":[{"name":"wp","href":"https:\/\/api.w.org\/{rel}","templated":true}]}}