{"id":4376,"date":"2023-11-24T21:59:38","date_gmt":"2023-11-25T03:59:38","guid":{"rendered":"https:\/\/www.radiointeractivo.com.mx\/?p=4376"},"modified":"2023-11-24T21:59:39","modified_gmt":"2023-11-25T03:59:39","slug":"evalua-sst-programas-preventivos-y-de-atencion-a-la-poblacion","status":"publish","type":"post","link":"https:\/\/www.radiointeractivo.com.mx\/?p=4376","title":{"rendered":"Eval\u00faa SST programas preventivos y de atenci\u00f3n a la poblaci\u00f3n"},"content":{"rendered":"\n<figure class=\"wp-block-image size-large\"><img loading=\"lazy\" decoding=\"async\" width=\"1024\" height=\"682\" src=\"https:\/\/www.radiointeractivo.com.mx\/wp-content\/uploads\/2023\/11\/WhatsApp-Image-2023-11-24-at-6.53.06-PM-1024x682.jpeg\" alt=\"\" class=\"wp-image-4377\" srcset=\"https:\/\/www.radiointeractivo.com.mx\/wp-content\/uploads\/2023\/11\/WhatsApp-Image-2023-11-24-at-6.53.06-PM-1024x682.jpeg 1024w, https:\/\/www.radiointeractivo.com.mx\/wp-content\/uploads\/2023\/11\/WhatsApp-Image-2023-11-24-at-6.53.06-PM-300x200.jpeg 300w, https:\/\/www.radiointeractivo.com.mx\/wp-content\/uploads\/2023\/11\/WhatsApp-Image-2023-11-24-at-6.53.06-PM-768x512.jpeg 768w, https:\/\/www.radiointeractivo.com.mx\/wp-content\/uploads\/2023\/11\/WhatsApp-Image-2023-11-24-at-6.53.06-PM-1536x1023.jpeg 1536w, https:\/\/www.radiointeractivo.com.mx\/wp-content\/uploads\/2023\/11\/WhatsApp-Image-2023-11-24-at-6.53.06-PM-310x205.jpeg 310w, https:\/\/www.radiointeractivo.com.mx\/wp-content\/uploads\/2023\/11\/WhatsApp-Image-2023-11-24-at-6.53.06-PM.jpeg 1600w\" sizes=\"auto, (max-width: 1024px) 100vw, 1024px\" \/><\/figure>\n\n\n\n<p>Por: Agencias<\/p>\n\n\n\n<p>Ciudad Victoria, Tamaulipas .- Con el firme prop\u00f3sito de mejorar el desempe\u00f1o de los programas preventivos de primer nivel de atenci\u00f3n, la Secretar\u00eda de Salud realiz\u00f3 la \u201cSegunda Reuni\u00f3n de Evaluaci\u00f3n de Jurisdicciones Sanitarias\u201d, con los responsables de los programas de las jurisdicciones que se ubican en la zona centro de la entidad.<\/p>\n\n\n\n<p>El titular de la dependencia estatal, Vicente Joel Hern\u00e1ndez Navarro, presidi\u00f3 los trabajos de esta reuni\u00f3n de seguimiento, en la cual se atendieron los acuerdos y compromisos establecidos para mejorar cada uno de los programas y que, en esta ocasi\u00f3n, se evalu\u00f3 el trabajo de las Jurisdicciones de Victoria, San Fernando, Jaumave y Padilla.<\/p>\n\n\n\n<p>Dijo que, con estas actividades, se analiza el desempe\u00f1o de los programas que se encuentran por debajo de las metas esperadas o precarias, as\u00ed como el mantener los que presentan buenos resultados mediante el an\u00e1lisis integral de estructura, procesos y logros para identificar las \u00e1reas de oportunidad y establecer estrategias de mejora en beneficio de la poblaci\u00f3n.<\/p>\n\n\n\n<p>\u201cLa idea es buscar las limitantes de los programas y trabajar no solo en cumplir las metas marcadas por la federaci\u00f3n, tambi\u00e9n en enfocar los trabajos en los indicadores m\u00e1s sensibles, los que repercuten en la salud de la poblaci\u00f3n, en los que tienen un efecto en el ambiente de la medicina, que impactan en las enfermedades m\u00e1s trascendentes, que complican y gastan el mayor presupuesto de las unidades de salud\u201d, destac\u00f3 Hern\u00e1ndez Navarro.<\/p>\n\n\n\n<p>Mencion\u00f3 que para dar resultados, acompa\u00f1ado del gobernador Am\u00e9rico Villarreal Anaya, se han realizado recorridos y se inici\u00f3 en las unidades hospitalarias de Matamoros, Tampico y Victoria, para tambi\u00e9n conocer las limitantes que existen, tanto en las \u00e1reas como en los programas que se aplican, con el fin de actuar con prontitud, como se ha hecho en los programas de temporada y atender los padecimientos propios de esta como el de golpe calor o el de invierno con las infecciones respiratorias; los c\u00f3digos oro para prevenir muerte materna; la atenci\u00f3n a desastres naturales, entre otros.<\/p>\n\n\n\n<p>Entre los temas que se analizaron y fueron debidamente evaluados, se encuentran el de Infancia y Adolescencia; Salud Reproductiva; Epidemiolog\u00eda; Medicina Preventiva; Atenci\u00f3n M\u00e9dica en Primer Nivel de Atenci\u00f3n; Promoci\u00f3n de la Salud; Enfermer\u00eda; Calidad e Interculturalidad, as\u00ed como de Administraci\u00f3n.<\/p>\n\n\n\n<p>En el evento, que se llev\u00f3 a cabo en esta ciudad capital, se cont\u00f3 con la presencia de los subsecretarios de Salud P\u00fablica, Jos\u00e9 Luis Garza Ruiz; de Planeaci\u00f3n y Calidad, Gabriel de la Garza Garza; de Enfermer\u00eda y directora general Adjunta de Enfermer\u00eda, Irma Barrag\u00e1n Alvarado; de Administraci\u00f3n y Finanzas, Carolina Arriaga Flores; de la Subsecretar\u00eda de Atenci\u00f3n M\u00e9dica, Mart\u00edn Arturo Rodr\u00edguez Alcocer; as\u00ed como el comisionado estatal para la Protecci\u00f3n contra Riesgos Sanitarios, Alberto Moctezuma Castillo; los directores jurisdiccionales y responsables de los diferentes programas de la dependencia estatal.<\/p>\n","protected":false},"excerpt":{"rendered":"<p>Por: Agencias Ciudad Victoria, Tamaulipas .- Con el firme prop\u00f3sito de mejorar el desempe\u00f1o de los programas preventivos de primer nivel de atenci\u00f3n, la Secretar\u00eda de Salud realiz\u00f3 la \u201cSegunda Reuni\u00f3n de Evaluaci\u00f3n de Jurisdicciones Sanitarias\u201d, con los responsables de los programas de las jurisdicciones que se ubican en la zona centro de la entidad. &hellip;<\/p>\n","protected":false},"author":1,"featured_media":4377,"comment_status":"open","ping_status":"open","sticky":false,"template":"","format":"standard","meta":{"footnotes":""},"categories":[39],"tags":[],"class_list":["post-4376","post","type-post","status-publish","format-standard","has-post-thumbnail","","category-tamaulipas"],"_links":{"self":[{"href":"https:\/\/www.radiointeractivo.com.mx\/index.php?rest_route=\/wp\/v2\/posts\/4376","targetHints":{"allow":["GET"]}}],"collection":[{"href":"https:\/\/www.radiointeractivo.com.mx\/index.php?rest_route=\/wp\/v2\/posts"}],"about":[{"href":"https:\/\/www.radiointeractivo.com.mx\/index.php?rest_route=\/wp\/v2\/types\/post"}],"author":[{"embeddable":true,"href":"https:\/\/www.radiointeractivo.com.mx\/index.php?rest_route=\/wp\/v2\/users\/1"}],"replies":[{"embeddable":true,"href":"https:\/\/www.radiointeractivo.com.mx\/index.php?rest_route=%2Fwp%2Fv2%2Fcomments&post=4376"}],"version-history":[{"count":1,"href":"https:\/\/www.radiointeractivo.com.mx\/index.php?rest_route=\/wp\/v2\/posts\/4376\/revisions"}],"predecessor-version":[{"id":4378,"href":"https:\/\/www.radiointeractivo.com.mx\/index.php?rest_route=\/wp\/v2\/posts\/4376\/revisions\/4378"}],"wp:featuredmedia":[{"embeddable":true,"href":"https:\/\/www.radiointeractivo.com.mx\/index.php?rest_route=\/wp\/v2\/media\/4377"}],"wp:attachment":[{"href":"https:\/\/www.radiointeractivo.com.mx\/index.php?rest_route=%2Fwp%2Fv2%2Fmedia&parent=4376"}],"wp:term":[{"taxonomy":"category","embeddable":true,"href":"https:\/\/www.radiointeractivo.com.mx\/index.php?rest_route=%2Fwp%2Fv2%2Fcategories&post=4376"},{"taxonomy":"post_tag","embeddable":true,"href":"https:\/\/www.radiointeractivo.com.mx\/index.php?rest_route=%2Fwp%2Fv2%2Ftags&post=4376"}],"curies":[{"name":"wp","href":"https:\/\/api.w.org\/{rel}","templated":true}]}}