{"id":4373,"date":"2023-11-24T21:58:06","date_gmt":"2023-11-25T03:58:06","guid":{"rendered":"https:\/\/www.radiointeractivo.com.mx\/?p=4373"},"modified":"2023-11-24T21:58:06","modified_gmt":"2023-11-25T03:58:06","slug":"tamaulipas-participa-en-el-foro-energia-mexa-2023","status":"publish","type":"post","link":"https:\/\/www.radiointeractivo.com.mx\/?p=4373","title":{"rendered":"Tamaulipas participa en el Foro Energ\u00eda MEXA 2023"},"content":{"rendered":"\n<figure class=\"wp-block-image size-large\"><img loading=\"lazy\" decoding=\"async\" width=\"1024\" height=\"768\" src=\"https:\/\/www.radiointeractivo.com.mx\/wp-content\/uploads\/2023\/11\/WhatsApp-Image-2023-11-24-at-6.26.07-PM-1024x768.jpeg\" alt=\"\" class=\"wp-image-4374\" srcset=\"https:\/\/www.radiointeractivo.com.mx\/wp-content\/uploads\/2023\/11\/WhatsApp-Image-2023-11-24-at-6.26.07-PM-1024x768.jpeg 1024w, https:\/\/www.radiointeractivo.com.mx\/wp-content\/uploads\/2023\/11\/WhatsApp-Image-2023-11-24-at-6.26.07-PM-300x225.jpeg 300w, https:\/\/www.radiointeractivo.com.mx\/wp-content\/uploads\/2023\/11\/WhatsApp-Image-2023-11-24-at-6.26.07-PM-768x576.jpeg 768w, https:\/\/www.radiointeractivo.com.mx\/wp-content\/uploads\/2023\/11\/WhatsApp-Image-2023-11-24-at-6.26.07-PM-1536x1152.jpeg 1536w, https:\/\/www.radiointeractivo.com.mx\/wp-content\/uploads\/2023\/11\/WhatsApp-Image-2023-11-24-at-6.26.07-PM.jpeg 1600w\" sizes=\"auto, (max-width: 1024px) 100vw, 1024px\" \/><\/figure>\n\n\n\n<p>Por: Agencias<\/p>\n\n\n\n<p>Ciudad de M\u00e9xico.- Tras la exitosa participaci\u00f3n de la Secretar\u00eda de Desarrollo Energ\u00e9tico en el WOGEN en China, Tamaulipas tambi\u00e9n particip\u00f3 en el Segundo Foro de Energ\u00eda MEXA 2023, dentro del panel \u201cLa Oportunidad de negocios de China en M\u00e9xico a trav\u00e9s del WOGE 2023\u201d.<\/p>\n\n\n\n<p>Dicho evento se llev\u00f3 a cabo en las instalaciones del Senado de la Rep\u00fablica, con los diferentes representantes de las entidades energ\u00e9ticas del pa\u00eds, as\u00ed como expertos del tema.<\/p>\n\n\n\n<p>Este espacio fue una oportunidad de seguir posicionando a Tamaulipas como el estado n\u00famero uno en materia energ\u00e9tica, y destacar los proyectos estrat\u00e9gicos que se trabajan en el estado bajo el liderazgo y visi\u00f3n del gobernador Am\u00e9rico Villarreal Anaya.<\/p>\n\n\n\n<p>Se expusieron planes fundamentales, adem\u00e1s de la participaci\u00f3n en el Foro Centro-Sur Nacional de la Uni\u00f3n Mexicana de Asociaciones de Ingenieros (UMAI), dentro de la C\u00e1mara de Diputados, donde Tamaulipas cont\u00f3 con un espacio relevante para destacar su distinci\u00f3n por ser el nuevo referente a nivel nacional.<\/p>\n\n\n\n<p>Con los proyectos del Puerto del Norte, las inversiones hist\u00f3ricas del Campo Tri\u00f3n, y la planta de fertilizantes, Tamaulipas demuestra la capacidad y las riquezas dentro del sector, siendo un estado atractivo para invertir en materia energ\u00e9tica.<\/p>\n","protected":false},"excerpt":{"rendered":"<p>Por: Agencias Ciudad de M\u00e9xico.- Tras la exitosa participaci\u00f3n de la Secretar\u00eda de Desarrollo Energ\u00e9tico en el WOGEN en China, Tamaulipas tambi\u00e9n particip\u00f3 en el Segundo Foro de Energ\u00eda MEXA 2023, dentro del panel \u201cLa Oportunidad de negocios de China en M\u00e9xico a trav\u00e9s del WOGE 2023\u201d. Dicho evento se llev\u00f3 a cabo en las &hellip;<\/p>\n","protected":false},"author":1,"featured_media":4374,"comment_status":"open","ping_status":"open","sticky":false,"template":"","format":"standard","meta":{"footnotes":""},"categories":[39],"tags":[],"class_list":["post-4373","post","type-post","status-publish","format-standard","has-post-thumbnail","","category-tamaulipas"],"_links":{"self":[{"href":"https:\/\/www.radiointeractivo.com.mx\/index.php?rest_route=\/wp\/v2\/posts\/4373","targetHints":{"allow":["GET"]}}],"collection":[{"href":"https:\/\/www.radiointeractivo.com.mx\/index.php?rest_route=\/wp\/v2\/posts"}],"about":[{"href":"https:\/\/www.radiointeractivo.com.mx\/index.php?rest_route=\/wp\/v2\/types\/post"}],"author":[{"embeddable":true,"href":"https:\/\/www.radiointeractivo.com.mx\/index.php?rest_route=\/wp\/v2\/users\/1"}],"replies":[{"embeddable":true,"href":"https:\/\/www.radiointeractivo.com.mx\/index.php?rest_route=%2Fwp%2Fv2%2Fcomments&post=4373"}],"version-history":[{"count":1,"href":"https:\/\/www.radiointeractivo.com.mx\/index.php?rest_route=\/wp\/v2\/posts\/4373\/revisions"}],"predecessor-version":[{"id":4375,"href":"https:\/\/www.radiointeractivo.com.mx\/index.php?rest_route=\/wp\/v2\/posts\/4373\/revisions\/4375"}],"wp:featuredmedia":[{"embeddable":true,"href":"https:\/\/www.radiointeractivo.com.mx\/index.php?rest_route=\/wp\/v2\/media\/4374"}],"wp:attachment":[{"href":"https:\/\/www.radiointeractivo.com.mx\/index.php?rest_route=%2Fwp%2Fv2%2Fmedia&parent=4373"}],"wp:term":[{"taxonomy":"category","embeddable":true,"href":"https:\/\/www.radiointeractivo.com.mx\/index.php?rest_route=%2Fwp%2Fv2%2Fcategories&post=4373"},{"taxonomy":"post_tag","embeddable":true,"href":"https:\/\/www.radiointeractivo.com.mx\/index.php?rest_route=%2Fwp%2Fv2%2Ftags&post=4373"}],"curies":[{"name":"wp","href":"https:\/\/api.w.org\/{rel}","templated":true}]}}