{"id":4370,"date":"2023-11-24T21:57:20","date_gmt":"2023-11-25T03:57:20","guid":{"rendered":"https:\/\/www.radiointeractivo.com.mx\/?p=4370"},"modified":"2023-11-24T21:57:21","modified_gmt":"2023-11-25T03:57:21","slug":"fortalecen-vinculacion-con-migrantes-tamaulipecos-residentes-en-estados-unidos","status":"publish","type":"post","link":"https:\/\/www.radiointeractivo.com.mx\/?p=4370","title":{"rendered":"Fortalecen vinculaci\u00f3n con migrantes tamaulipecos residentes en Estados Unidos"},"content":{"rendered":"\n<figure class=\"wp-block-image size-large\"><img loading=\"lazy\" decoding=\"async\" width=\"1024\" height=\"576\" src=\"https:\/\/www.radiointeractivo.com.mx\/wp-content\/uploads\/2023\/11\/WhatsApp-Image-2023-11-24-at-6.24.20-PM-1024x576.jpeg\" alt=\"\" class=\"wp-image-4371\" srcset=\"https:\/\/www.radiointeractivo.com.mx\/wp-content\/uploads\/2023\/11\/WhatsApp-Image-2023-11-24-at-6.24.20-PM-1024x576.jpeg 1024w, https:\/\/www.radiointeractivo.com.mx\/wp-content\/uploads\/2023\/11\/WhatsApp-Image-2023-11-24-at-6.24.20-PM-300x169.jpeg 300w, https:\/\/www.radiointeractivo.com.mx\/wp-content\/uploads\/2023\/11\/WhatsApp-Image-2023-11-24-at-6.24.20-PM-768x432.jpeg 768w, https:\/\/www.radiointeractivo.com.mx\/wp-content\/uploads\/2023\/11\/WhatsApp-Image-2023-11-24-at-6.24.20-PM-1536x864.jpeg 1536w, https:\/\/www.radiointeractivo.com.mx\/wp-content\/uploads\/2023\/11\/WhatsApp-Image-2023-11-24-at-6.24.20-PM.jpeg 1600w\" sizes=\"auto, (max-width: 1024px) 100vw, 1024px\" \/><\/figure>\n\n\n\n<p>Por: Agencias<\/p>\n\n\n\n<p>Houston, Texas. Reconociendo la importancia social, cultural y econ\u00f3mica de nuestros migrantes, el Gobierno de Tamaulipas, fortalece la vinculaci\u00f3n de las y los tamaulipecos residentes en los Estados Unidos con su estado, mediante diversos programas implementados por la Secretar\u00eda General de Gobierno, a trav\u00e9s del Instituto Tamaulipeco para los Migrantes.<\/p>\n\n\n\n<p>En reciente gira de trabajo, el titular del Instituto Tamaulipeco para los Migrantes, Juan Jos\u00e9 Rodr\u00edguez Alvarado, se reuni\u00f3 con diversos grupos y l\u00edderes de migrantes tamaulipecos en la Ciudad de Houston, Texas, a fin de informarlos de los programas y acciones que por instrucciones del gobernador Am\u00e9rico Villarreal Anaya, se implementaron en su beneficio y de sus familias.<\/p>\n\n\n\n<p>Atendiendo la preocupaci\u00f3n de la comunidad migrante tamaulipeca respecto a Ley antiinmigrante SB4 recientemente aprobada por el Congreso del Estado de Texas, Rodr\u00edguez Alvarado les inform\u00f3 sobre el estatus y alcance que actualmente tiene, adem\u00e1s de asesorarlos sobre los derechos inherentes a su condici\u00f3n migratoria y confi\u00f3 en que esa ley, sea suspendida por la instancia federal de ese pa\u00eds.<\/p>\n\n\n\n<p>En la reuni\u00f3n que sostuvo con Jerry Garc\u00eda y Silvia Trevi\u00f1o, Sheriffs (jefes de polic\u00eda) de las ciudades de Pasadena, Houston y del condado de Harris, Texas; puntos de mayor concentraci\u00f3n de tamaulipecos en Estados Unidos, se coincidi\u00f3 que nuestros migrantes son agentes de desarrollo tanto en ese pa\u00eds como en sus lugares de origen y resulta injusto la aplicaci\u00f3n de las nuevas medidas antiinmigrantes.<\/p>\n\n\n\n<p>As\u00ed mismo se establecieron s\u00f3lidos mecanismos de colaboraci\u00f3n con el Consulado General de M\u00e9xico en Houston, Texas, para que las y los tamaulipecos residentes en esa ciudad tengan acceso a documentos de identidad, actas civiles, apoyo en el traslado de restos y diversos servicios.<\/p>\n\n\n\n<p>Por \u00faltimo, y ante la petici\u00f3n de la \u201cFederaci\u00f3n de Migrantes Tamaulipecos en los Estados Unidos\u201d, que preside el reynosense Jay de Le\u00f3n, inform\u00f3 de la posibilidad de que en pr\u00f3ximas fechas se lleve a cabo precisamente en la Ciudad de Houston, Texas, una feria de servicios con la participaci\u00f3n de diversas dependencias del Gobierno Estatal y Financiera para el Bienestar.<\/p>\n","protected":false},"excerpt":{"rendered":"<p>Por: Agencias Houston, Texas. Reconociendo la importancia social, cultural y econ\u00f3mica de nuestros migrantes, el Gobierno de Tamaulipas, fortalece la vinculaci\u00f3n de las y los tamaulipecos residentes en los Estados Unidos con su estado, mediante diversos programas implementados por la Secretar\u00eda General de Gobierno, a trav\u00e9s del Instituto Tamaulipeco para los Migrantes. En reciente gira &hellip;<\/p>\n","protected":false},"author":1,"featured_media":4371,"comment_status":"open","ping_status":"open","sticky":false,"template":"","format":"standard","meta":{"footnotes":""},"categories":[40],"tags":[],"class_list":["post-4370","post","type-post","status-publish","format-standard","has-post-thumbnail","","category-texas"],"_links":{"self":[{"href":"https:\/\/www.radiointeractivo.com.mx\/index.php?rest_route=\/wp\/v2\/posts\/4370","targetHints":{"allow":["GET"]}}],"collection":[{"href":"https:\/\/www.radiointeractivo.com.mx\/index.php?rest_route=\/wp\/v2\/posts"}],"about":[{"href":"https:\/\/www.radiointeractivo.com.mx\/index.php?rest_route=\/wp\/v2\/types\/post"}],"author":[{"embeddable":true,"href":"https:\/\/www.radiointeractivo.com.mx\/index.php?rest_route=\/wp\/v2\/users\/1"}],"replies":[{"embeddable":true,"href":"https:\/\/www.radiointeractivo.com.mx\/index.php?rest_route=%2Fwp%2Fv2%2Fcomments&post=4370"}],"version-history":[{"count":1,"href":"https:\/\/www.radiointeractivo.com.mx\/index.php?rest_route=\/wp\/v2\/posts\/4370\/revisions"}],"predecessor-version":[{"id":4372,"href":"https:\/\/www.radiointeractivo.com.mx\/index.php?rest_route=\/wp\/v2\/posts\/4370\/revisions\/4372"}],"wp:featuredmedia":[{"embeddable":true,"href":"https:\/\/www.radiointeractivo.com.mx\/index.php?rest_route=\/wp\/v2\/media\/4371"}],"wp:attachment":[{"href":"https:\/\/www.radiointeractivo.com.mx\/index.php?rest_route=%2Fwp%2Fv2%2Fmedia&parent=4370"}],"wp:term":[{"taxonomy":"category","embeddable":true,"href":"https:\/\/www.radiointeractivo.com.mx\/index.php?rest_route=%2Fwp%2Fv2%2Fcategories&post=4370"},{"taxonomy":"post_tag","embeddable":true,"href":"https:\/\/www.radiointeractivo.com.mx\/index.php?rest_route=%2Fwp%2Fv2%2Ftags&post=4370"}],"curies":[{"name":"wp","href":"https:\/\/api.w.org\/{rel}","templated":true}]}}