{"id":4345,"date":"2023-11-24T21:44:12","date_gmt":"2023-11-25T03:44:12","guid":{"rendered":"https:\/\/www.radiointeractivo.com.mx\/?p=4345"},"modified":"2023-11-24T21:44:12","modified_gmt":"2023-11-25T03:44:12","slug":"arranca-gobierno-estatal-los-16-dias-de-activismo-con-acciones-para-proteger-a-las-mujeres","status":"publish","type":"post","link":"https:\/\/www.radiointeractivo.com.mx\/?p=4345","title":{"rendered":"Arranca gobierno estatal los 16 d\u00edas de activismo con acciones para proteger a las mujeres"},"content":{"rendered":"\n<figure class=\"wp-block-image size-large\"><img loading=\"lazy\" decoding=\"async\" width=\"1024\" height=\"680\" src=\"https:\/\/www.radiointeractivo.com.mx\/wp-content\/uploads\/2023\/11\/WhatsApp-Image-2023-11-23-at-8.04.34-PM-1024x680.jpeg\" alt=\"\" class=\"wp-image-4346\" srcset=\"https:\/\/www.radiointeractivo.com.mx\/wp-content\/uploads\/2023\/11\/WhatsApp-Image-2023-11-23-at-8.04.34-PM-1024x680.jpeg 1024w, https:\/\/www.radiointeractivo.com.mx\/wp-content\/uploads\/2023\/11\/WhatsApp-Image-2023-11-23-at-8.04.34-PM-300x199.jpeg 300w, https:\/\/www.radiointeractivo.com.mx\/wp-content\/uploads\/2023\/11\/WhatsApp-Image-2023-11-23-at-8.04.34-PM-768x510.jpeg 768w, https:\/\/www.radiointeractivo.com.mx\/wp-content\/uploads\/2023\/11\/WhatsApp-Image-2023-11-23-at-8.04.34-PM-1536x1020.jpeg 1536w, https:\/\/www.radiointeractivo.com.mx\/wp-content\/uploads\/2023\/11\/WhatsApp-Image-2023-11-23-at-8.04.34-PM-310x205.jpeg 310w, https:\/\/www.radiointeractivo.com.mx\/wp-content\/uploads\/2023\/11\/WhatsApp-Image-2023-11-23-at-8.04.34-PM.jpeg 1600w\" sizes=\"auto, (max-width: 1024px) 100vw, 1024px\" \/><\/figure>\n\n\n\n<p>-El Instituto de las Mujeres en Tamaulipas instala nuevos \u201cPuntos Rosa\u201d en el marco del \u201cD\u00eda Internacional de la Eliminaci\u00f3n de la Violencia contra la Mujer\u201d<\/p>\n\n\n\n<p>Por: Agencias<\/p>\n\n\n\n<p>Matamoros, Tamaulipas.- Al dar inicio a los 16 d\u00edas de activismo contra la violencia de g\u00e9nero y en el marco del \u201cD\u00eda Internacional de Eliminaci\u00f3n de la Violencia contra la Mujer\u201d, que se conmemora este 25 de noviembre, el Instituto de las Mujeres en Tamaulipas realiz\u00f3 firmas de convenio en Matamoros para habilitar nuevos espacios denominados \u201cPuntos Rosa\u201d.<\/p>\n\n\n\n<p>La directora general del Instituto de las Mujeres en Tamaulipas Dianaluz Guti\u00e9rrez Gonz\u00e1lez se\u00f1al\u00f3 que son acciones que se realizan en seguimiento a las instrucciones del gobernador Am\u00e9rico Villarreal Anaya, sobre la erradicaci\u00f3n de la violencia de g\u00e9nero.<\/p>\n\n\n\n<p>Explic\u00f3 que los &#8220;Puntos Rosas&#8221; son lugares seguros para que las mujeres resguarden su integridad, destacando el Instituto Tecnol\u00f3gico de Matamoros, donde todas las estudiantes, las docentes, personal administrativo y dem\u00e1s mujeres que conformen esta instituci\u00f3n podr\u00e1n sentirse seguras o pedir ayuda de ser necesario.<\/p>\n\n\n\n<p>As\u00edmismo, se instal\u00f3 \u201cPunto Rosa\u201d en el gimnasio Beat Cykle siendo este, el primer gimnasio en sumarse a este proyecto y el Caf\u00e9 Coralillo; nuevos establecimientos que estar\u00e1n siendo un aliado m\u00e1s al Gobierno de la Transformaci\u00f3n para la erradicaci\u00f3n de la violencia, adem\u00e1s de ser identificados por el 911 a la hora de requerir ayuda y evitar las llamadas de broma.<\/p>\n\n\n\n<p>La directora general Dianaluz Guti\u00e9rrez Gonz\u00e1lez, expres\u00f3 que estas son acciones que forman parte de la pol\u00edtica humanista del gobernador Am\u00e9rico Villarreal Anaya y en este caso, para que las mujeres vivan una vida libre de violencia.<\/p>\n\n\n\n<p>Contacto: Instituto de las Mujeres en Tamaulipas, Mtra. Dianaluz Guti\u00e9rrez Gonz\u00e1lez<br>imt@tamaulipas.gob.mx<\/p>\n","protected":false},"excerpt":{"rendered":"<p>-El Instituto de las Mujeres en Tamaulipas instala nuevos \u201cPuntos Rosa\u201d en el marco del \u201cD\u00eda Internacional de la Eliminaci\u00f3n de la Violencia contra la Mujer\u201d Por: Agencias Matamoros, Tamaulipas.- Al dar inicio a los 16 d\u00edas de activismo contra la violencia de g\u00e9nero y en el marco del \u201cD\u00eda Internacional de Eliminaci\u00f3n de la &hellip;<\/p>\n","protected":false},"author":1,"featured_media":4346,"comment_status":"open","ping_status":"open","sticky":false,"template":"","format":"standard","meta":{"footnotes":""},"categories":[39],"tags":[],"class_list":["post-4345","post","type-post","status-publish","format-standard","has-post-thumbnail","","category-tamaulipas"],"_links":{"self":[{"href":"https:\/\/www.radiointeractivo.com.mx\/index.php?rest_route=\/wp\/v2\/posts\/4345","targetHints":{"allow":["GET"]}}],"collection":[{"href":"https:\/\/www.radiointeractivo.com.mx\/index.php?rest_route=\/wp\/v2\/posts"}],"about":[{"href":"https:\/\/www.radiointeractivo.com.mx\/index.php?rest_route=\/wp\/v2\/types\/post"}],"author":[{"embeddable":true,"href":"https:\/\/www.radiointeractivo.com.mx\/index.php?rest_route=\/wp\/v2\/users\/1"}],"replies":[{"embeddable":true,"href":"https:\/\/www.radiointeractivo.com.mx\/index.php?rest_route=%2Fwp%2Fv2%2Fcomments&post=4345"}],"version-history":[{"count":1,"href":"https:\/\/www.radiointeractivo.com.mx\/index.php?rest_route=\/wp\/v2\/posts\/4345\/revisions"}],"predecessor-version":[{"id":4347,"href":"https:\/\/www.radiointeractivo.com.mx\/index.php?rest_route=\/wp\/v2\/posts\/4345\/revisions\/4347"}],"wp:featuredmedia":[{"embeddable":true,"href":"https:\/\/www.radiointeractivo.com.mx\/index.php?rest_route=\/wp\/v2\/media\/4346"}],"wp:attachment":[{"href":"https:\/\/www.radiointeractivo.com.mx\/index.php?rest_route=%2Fwp%2Fv2%2Fmedia&parent=4345"}],"wp:term":[{"taxonomy":"category","embeddable":true,"href":"https:\/\/www.radiointeractivo.com.mx\/index.php?rest_route=%2Fwp%2Fv2%2Fcategories&post=4345"},{"taxonomy":"post_tag","embeddable":true,"href":"https:\/\/www.radiointeractivo.com.mx\/index.php?rest_route=%2Fwp%2Fv2%2Ftags&post=4345"}],"curies":[{"name":"wp","href":"https:\/\/api.w.org\/{rel}","templated":true}]}}