{"id":4342,"date":"2023-11-24T21:42:54","date_gmt":"2023-11-25T03:42:54","guid":{"rendered":"https:\/\/www.radiointeractivo.com.mx\/?p=4342"},"modified":"2023-11-24T21:42:54","modified_gmt":"2023-11-25T03:42:54","slug":"reconocen-a-nivel-nacional-trabajo-de-la-sspt-en-capacitaciones-policiales","status":"publish","type":"post","link":"https:\/\/www.radiointeractivo.com.mx\/?p=4342","title":{"rendered":"Reconocen a nivel nacional trabajo de la SSPT en capacitaciones policiales"},"content":{"rendered":"\n<figure class=\"wp-block-image size-large\"><img loading=\"lazy\" decoding=\"async\" width=\"1024\" height=\"683\" src=\"https:\/\/www.radiointeractivo.com.mx\/wp-content\/uploads\/2023\/11\/WhatsApp-Image-2023-11-23-at-7.36.12-PM-1024x683.jpeg\" alt=\"\" class=\"wp-image-4343\" srcset=\"https:\/\/www.radiointeractivo.com.mx\/wp-content\/uploads\/2023\/11\/WhatsApp-Image-2023-11-23-at-7.36.12-PM-1024x683.jpeg 1024w, https:\/\/www.radiointeractivo.com.mx\/wp-content\/uploads\/2023\/11\/WhatsApp-Image-2023-11-23-at-7.36.12-PM-300x200.jpeg 300w, https:\/\/www.radiointeractivo.com.mx\/wp-content\/uploads\/2023\/11\/WhatsApp-Image-2023-11-23-at-7.36.12-PM-768x512.jpeg 768w, https:\/\/www.radiointeractivo.com.mx\/wp-content\/uploads\/2023\/11\/WhatsApp-Image-2023-11-23-at-7.36.12-PM.jpeg 1440w\" sizes=\"auto, (max-width: 1024px) 100vw, 1024px\" \/><\/figure>\n\n\n\n<p>Por: Agencias<\/p>\n\n\n\n<p>Tampico, Tamaulipas. &#8211; La Secretar\u00eda de Seguridad P\u00fablica de Tamaulipas a trav\u00e9s de la Universidad de Seguridad y Justicia, es una de las instituciones que ha contribuido al programa de capacitaci\u00f3n y especializaci\u00f3n al personal que desempe\u00f1a la funci\u00f3n policial, al igual que las universidades de otros dos estados, reconoci\u00f3 el subsecretario de Seguridad P\u00fablica y Protecci\u00f3n Ciudadana, Luis Rodr\u00edguez Bucio.<\/p>\n\n\n\n<p>En el marco de la XXIX Asamblea Plenaria de la Conferencia Nacional de Secretarias y Secretarios de Seguridad P\u00fablica, presidida por el gobernador Am\u00e9rico Villarreal Anaya, en el puerto de Tampico, Rodr\u00edguez Bucio mencion\u00f3 que las Secretar\u00edas de Seguridad P\u00fablica de Hidalgo, Chihuahua y Tamaulipas han facilitado sus instalaciones acad\u00e9micas para la realizaci\u00f3n de diversos cursos.<\/p>\n\n\n\n<p>Explic\u00f3 que a la fecha, en dichas instituciones, se han ofrecido m\u00e1s de 90 capacitaciones, entre las que destacan: 11 ediciones de la Semana Nacional del Polic\u00eda Investigador, 30 ediciones de los Viernes de Di\u00e1logos para el Fortalecimiento de las Polic\u00edas en Materia de G\u00e9nero y polic\u00edas municipales especializados en esta misma materia.<\/p>\n\n\n\n<p>Tambi\u00e9n se abordaron temas referentes al protocolo de actuaci\u00f3n policial como: Atenci\u00f3n a la Violencia de G\u00e9nero contra las Mujeres en el \u00c1mbito Familiar y Feminicidio, el cual est\u00e1 acreditado ante el Secretariado Ejecutivo del Sistema Nacional de Seguridad P\u00fablica; Uso de la Fuerza y B\u00fasqueda de Personas no Localizadas; y Capacitaci\u00f3n para el Examen General de Acreditaci\u00f3n como T\u00e9cnico Superior Universitario en Seguridad P\u00fablica, Polic\u00eda Investigador y Custodio Penitenciario, entre otros.<\/p>\n\n\n\n<p>\u201cUna instituci\u00f3n de seguridad p\u00fablica ser\u00e1 tan grande, eficiente y reconocida como lo sea el nivel de instrucci\u00f3n de su personal. Las mujeres y los hombres que desempe\u00f1an la funci\u00f3n policial deben recibir la mejor formaci\u00f3n, capacitaci\u00f3n y especializaci\u00f3n posibles porque de ellas y ellos depende la seguridad de la ciudadan\u00eda, la protecci\u00f3n de las v\u00edctimas del delito, en especial, de las mujeres y las ni\u00f1as, y porque son la primera pieza del Sistema de Justicia Penal\u201d, se\u00f1al\u00f3.<\/p>\n\n\n\n<p>Destac\u00f3, que esta oferta institucional de cursos para las polic\u00edas estatales y municipales, no implican erogaciones presupuestales, puesto que son impartidas por funcionarios p\u00fablicos, utilizando sistemas e instalaciones del \u00e1mbito federal y estatal, por ello, invit\u00f3 a los integrantes de la conferencia a aprovechar estas herramientas de capacitaci\u00f3n en sus distintas modalidades.<\/p>\n","protected":false},"excerpt":{"rendered":"<p>Por: Agencias Tampico, Tamaulipas. &#8211; La Secretar\u00eda de Seguridad P\u00fablica de Tamaulipas a trav\u00e9s de la Universidad de Seguridad y Justicia, es una de las instituciones que ha contribuido al programa de capacitaci\u00f3n y especializaci\u00f3n al personal que desempe\u00f1a la funci\u00f3n policial, al igual que las universidades de otros dos estados, reconoci\u00f3 el subsecretario de &hellip;<\/p>\n","protected":false},"author":1,"featured_media":4343,"comment_status":"open","ping_status":"open","sticky":false,"template":"","format":"standard","meta":{"footnotes":""},"categories":[39],"tags":[],"class_list":["post-4342","post","type-post","status-publish","format-standard","has-post-thumbnail","","category-tamaulipas"],"_links":{"self":[{"href":"https:\/\/www.radiointeractivo.com.mx\/index.php?rest_route=\/wp\/v2\/posts\/4342","targetHints":{"allow":["GET"]}}],"collection":[{"href":"https:\/\/www.radiointeractivo.com.mx\/index.php?rest_route=\/wp\/v2\/posts"}],"about":[{"href":"https:\/\/www.radiointeractivo.com.mx\/index.php?rest_route=\/wp\/v2\/types\/post"}],"author":[{"embeddable":true,"href":"https:\/\/www.radiointeractivo.com.mx\/index.php?rest_route=\/wp\/v2\/users\/1"}],"replies":[{"embeddable":true,"href":"https:\/\/www.radiointeractivo.com.mx\/index.php?rest_route=%2Fwp%2Fv2%2Fcomments&post=4342"}],"version-history":[{"count":1,"href":"https:\/\/www.radiointeractivo.com.mx\/index.php?rest_route=\/wp\/v2\/posts\/4342\/revisions"}],"predecessor-version":[{"id":4344,"href":"https:\/\/www.radiointeractivo.com.mx\/index.php?rest_route=\/wp\/v2\/posts\/4342\/revisions\/4344"}],"wp:featuredmedia":[{"embeddable":true,"href":"https:\/\/www.radiointeractivo.com.mx\/index.php?rest_route=\/wp\/v2\/media\/4343"}],"wp:attachment":[{"href":"https:\/\/www.radiointeractivo.com.mx\/index.php?rest_route=%2Fwp%2Fv2%2Fmedia&parent=4342"}],"wp:term":[{"taxonomy":"category","embeddable":true,"href":"https:\/\/www.radiointeractivo.com.mx\/index.php?rest_route=%2Fwp%2Fv2%2Fcategories&post=4342"},{"taxonomy":"post_tag","embeddable":true,"href":"https:\/\/www.radiointeractivo.com.mx\/index.php?rest_route=%2Fwp%2Fv2%2Ftags&post=4342"}],"curies":[{"name":"wp","href":"https:\/\/api.w.org\/{rel}","templated":true}]}}